{"id":1031,"date":"2012-09-27T16:44:51","date_gmt":"2012-09-27T16:44:51","guid":{"rendered":""},"modified":"-0001-11-30T00:00:00","modified_gmt":"-0001-11-30T03:00:00","slug":"canal-do-trabalhador-abre-espaco-para-reivindicacoes-dos-pfns","status":"publish","type":"post","link":"https:\/\/sinprofaz.org.br\/2024\/noticias\/canal-do-trabalhador-abre-espaco-para-reivindicacoes-dos-pfns\/","title":{"rendered":"Canal do Trabalhador abre espa\u00e7o para reivindica\u00e7\u00f5es dos PFNs"},"content":{"rendered":"<p>O programa Canal do Trabalhador \u00e9 transmitido todos os domingos pela TV Bras\u00edlia, Canal 6, com apresenta\u00e7\u00e3o de Raul Canal. Aborda conte\u00fados de interesse dos trabalhadores e entrevista autoridades sindicais e governamentais a respeito de temas que envolvem variadas classes e fun\u00e7\u00f5es.<\/p>\n<p>Durante a entrevista, o presidente Allan Titonelli falou sobre os \u00eaxitos da PGFN a despeito de os membros da carreira n\u00e3o contarem com pessoal de apoio tampouco com sistemas de inform\u00e1tica integrados que poderiam facilitar o trabalho dos PFNs.<\/p>\n<p>Titonelli enfatizou que o \u00f3rg\u00e3o \u00e9 superavit\u00e1rio e que mais investimentos na institui\u00e7\u00e3o trariam retorno significativo para a sociedade. \u201cTemos muito a evoluir, h\u00e1 v\u00e1rios d\u00e9ficits no que se refere \u00e0 estrutura, remunera\u00e7\u00e3o e prerrogativas em compara\u00e7\u00e3o com as demais Fun\u00e7\u00f5es Essenciais \u00e0 Justi\u00e7a, a Magistratura e o Minist\u00e9rio P\u00fablico\u201d, afirmou o presidente do Sindicato.<\/p>\n<p>Allan esclareceu tamb\u00e9m os termos do acordo fechado com o governo como fruto da campanha salarial, por exemplo, o compromisso de envio ao Congresso para cria\u00e7\u00e3o da carreira de apoio. Ele ressaltou ainda a necessidade de aperfei\u00e7oamento do PLP 205, que atualiza a lei complementar que rege a AGU, e j\u00e1 tramita no Legislativo Federal.<\/p>\n<p>Assista a \u00edntegra da entrevista:<\/p>\n<p><iframe loading=\"lazy\" src=\"\/\/www.youtube.com\/embed\/Tr4H0O7aPp8\" width=\"218\" height=\"154\" allowfullscreen=\"allowfullscreen\" seamless=\"seamless\"><\/iframe><\/p>\n","protected":false},"excerpt":{"rendered":"<p>Em entrevista veiculada em 23\/09, presidente do SINPROFAZ teve oportunidade de expor import\u00e2ncia da carreira para a sociedade e comentar os problemas estruturais.<\/p>\n","protected":false},"author":1,"featured_media":0,"comment_status":"closed","ping_status":"open","sticky":false,"template":"","format":"standard","meta":{"footnotes":""},"categories":[8],"tags":[],"featured_image_url":"https:\/\/dummyimage.com\/720x400","character_count":653,"formatted_date":"27\/09\/2012 - 16:44","contentNovo":"\r\n<p>O programa Canal do Trabalhador \u00e9 transmitido todos os domingos pela TV Bras\u00edlia, Canal 6, com apresenta\u00e7\u00e3o de Raul Canal. Aborda conte\u00fados de interesse dos trabalhadores e entrevista autoridades sindicais e governamentais a respeito de temas que envolvem variadas classes e fun\u00e7\u00f5es.<\/p>\r\n<p>Durante a entrevista, o presidente Allan Titonelli falou sobre os \u00eaxitos da PGFN a despeito de os membros da carreira n\u00e3o contarem com pessoal de apoio tampouco com sistemas de inform\u00e1tica integrados que poderiam facilitar o trabalho dos PFNs.<\/p>\r\n<p>Titonelli enfatizou que o \u00f3rg\u00e3o \u00e9 superavit\u00e1rio e que mais investimentos na institui\u00e7\u00e3o trariam retorno significativo para a sociedade. \u201cTemos muito a evoluir, h\u00e1 v\u00e1rios d\u00e9ficits no que se refere \u00e0 estrutura, remunera\u00e7\u00e3o e prerrogativas em compara\u00e7\u00e3o com as demais Fun\u00e7\u00f5es Essenciais \u00e0 Justi\u00e7a, a Magistratura e o Minist\u00e9rio P\u00fablico\u201d, afirmou o presidente do Sindicato.<\/p>\r\n<p>Allan esclareceu tamb\u00e9m os termos do acordo fechado com o governo como fruto da campanha salarial, por exemplo, o compromisso de envio ao Congresso para cria\u00e7\u00e3o da carreira de apoio. Ele ressaltou ainda a necessidade de aperfei\u00e7oamento do PLP 205, que atualiza a lei complementar que rege a AGU, e j\u00e1 tramita no Legislativo Federal.<\/p>\r\n<p>Assista a \u00edntegra da entrevista:<\/p>\r\n<p><\/p>","_links":{"self":[{"href":"https:\/\/sinprofaz.org.br\/2024\/wp-json\/wp\/v2\/posts\/1031"}],"collection":[{"href":"https:\/\/sinprofaz.org.br\/2024\/wp-json\/wp\/v2\/posts"}],"about":[{"href":"https:\/\/sinprofaz.org.br\/2024\/wp-json\/wp\/v2\/types\/post"}],"author":[{"embeddable":true,"href":"https:\/\/sinprofaz.org.br\/2024\/wp-json\/wp\/v2\/users\/1"}],"replies":[{"embeddable":true,"href":"https:\/\/sinprofaz.org.br\/2024\/wp-json\/wp\/v2\/comments?post=1031"}],"version-history":[{"count":0,"href":"https:\/\/sinprofaz.org.br\/2024\/wp-json\/wp\/v2\/posts\/1031\/revisions"}],"wp:attachment":[{"href":"https:\/\/sinprofaz.org.br\/2024\/wp-json\/wp\/v2\/media?parent=1031"}],"wp:term":[{"taxonomy":"category","embeddable":true,"href":"https:\/\/sinprofaz.org.br\/2024\/wp-json\/wp\/v2\/categories?post=1031"},{"taxonomy":"post_tag","embeddable":true,"href":"https:\/\/sinprofaz.org.br\/2024\/wp-json\/wp\/v2\/tags?post=1031"}],"curies":[{"name":"wp","href":"https:\/\/api.w.org\/{rel}","templated":true}]}}