{"id":10288,"date":"2019-08-30T08:44:11","date_gmt":"2019-08-30T11:44:11","guid":{"rendered":"http:\/\/www.sinprofaz.org.br\/?p=10288"},"modified":"2019-09-04T13:55:18","modified_gmt":"2019-09-04T16:55:18","slug":"em-oficio-ao-pgfn-sinprofaz-trata-da-aposentadoria-dos-servidores-do-orgao","status":"publish","type":"post","link":"https:\/\/sinprofaz.org.br\/2024\/noticias\/em-oficio-ao-pgfn-sinprofaz-trata-da-aposentadoria-dos-servidores-do-orgao\/","title":{"rendered":"EM OF\u00cdCIO AO PGFN, SINPROFAZ TRATA DA APOSENTADORIA DOS SERVIDORES DO \u00d3RG\u00c3O"},"content":{"rendered":"<p>A aposentadoria dos servidores p\u00fablicos que integram o quadro de apoio da PGFN foi assunto de Of\u00edcio protocolado na ter\u00e7a-feira (27) pelo SINPROFAZ e dirigido ao procurador-geral da Fazenda Nacional. O documento afirma que grande parte dos servidores lotados ou em exerc\u00edcio na PGFN est\u00e1 em gozo de abono de perman\u00eancia e revela que, com o avan\u00e7o da Reforma da Previd\u00eancia, muitos desses servidores que optaram por permanecer em atividade est\u00e3o formulando os respectivos pedidos de aposentadoria.<\/p>\n<p>A informa\u00e7\u00e3o do Of\u00edcio \u00e9 corroborada pelos dados do Painel Estat\u00edstico de Pessoal, que d\u00e1 conta de que o n\u00famero de pedidos de aposentadorias de servidores p\u00fablicos federais, nos seis primeiros meses de 2019, j\u00e1 supera a totalidade dos pedidos de 2018. Destaca-se ainda que a Pasta que lidera a corrida pela aposentadoria \u00e9 justamente o Minist\u00e9rio da Economia, que responde, at\u00e9 o m\u00eas atual, por 6.705 aposentadorias, o equivalente a 32,47% das concess\u00f5es do benef\u00edcio nos primeiros seis meses do ano.<\/p>\n<p>Em trecho do Of\u00edcio, o SINPROFAZ reitera que &#8220;Em raz\u00e3o do incremento significativo da sa\u00edda de servidores, in\u00fameras unidades da PGFN \u2013 para n\u00e3o dizer todas \u2013, pa\u00eds afora, est\u00e3o experimentando severas dificuldades no desempenho da atividade-meio do \u00d3rg\u00e3o. E a tend\u00eancia \u00e9 de piora. Diante desse cen\u00e1rio, caso n\u00e3o adotadas provid\u00eancias adequadas pela Administra\u00e7\u00e3o, \u00e9 seguro concluir que a paralisa\u00e7\u00e3o do servi\u00e7o de apoio da PGFN \u00e9 iminente&#8221;.<\/p>\n<p>Acesse a \u00edntegra do Of\u00edcio protocolado: <a href=\"https:\/\/www.sinprofaz.org.br\/pdfs\/oficio-aposentadoria-dos-servidores-da-pgfn.pdf\">bit.ly\/2LaOY8K<\/a><\/p>\n","protected":false},"excerpt":{"rendered":"<p>O Of\u00edcio foi protocolado na ter\u00e7a-feira (27) pelo presidente do SINPROFAZ. O documento revela que, com o avan\u00e7o da Reforma da Previd\u00eancia, muitos dos servidores que optaram por permanecer em atividade est\u00e3o formulando os respectivos pedidos de aposentadoria.<\/p>\n","protected":false},"author":2,"featured_media":9523,"comment_status":"open","ping_status":"open","sticky":false,"template":"","format":"standard","meta":{"footnotes":""},"categories":[8],"tags":[32,146,44,25],"featured_image_url":"https:\/\/sinprofaz.org.br\/2024\/wp-content\/uploads\/2019\/04\/002.png","character_count":779,"formatted_date":"30\/08\/2019 - 08:44","contentNovo":"A aposentadoria dos servidores p\u00fablicos que integram o quadro de apoio da PGFN foi assunto de Of\u00edcio protocolado na ter\u00e7a-feira (27) pelo SINPROFAZ e dirigido ao procurador-geral da Fazenda Nacional. O documento afirma que grande parte dos servidores lotados ou em exerc\u00edcio na PGFN est\u00e1 em gozo de abono de perman\u00eancia e revela que, com o avan\u00e7o da Reforma da Previd\u00eancia, muitos desses servidores que optaram por permanecer em atividade est\u00e3o formulando os respectivos pedidos de aposentadoria.\r\n\r\nA informa\u00e7\u00e3o do Of\u00edcio \u00e9 corroborada pelos dados do Painel Estat\u00edstico de Pessoal, que d\u00e1 conta de que o n\u00famero de pedidos de aposentadorias de servidores p\u00fablicos federais, nos seis primeiros meses de 2019, j\u00e1 supera a totalidade dos pedidos de 2018. Destaca-se ainda que a Pasta que lidera a corrida pela aposentadoria \u00e9 justamente o Minist\u00e9rio da Economia, que responde, at\u00e9 o m\u00eas atual, por 6.705 aposentadorias, o equivalente a 32,47% das concess\u00f5es do benef\u00edcio nos primeiros seis meses do ano.\r\n\r\nEm trecho do Of\u00edcio, o SINPROFAZ reitera que \"Em raz\u00e3o do incremento significativo da sa\u00edda de servidores, in\u00fameras unidades da PGFN \u2013 para n\u00e3o dizer todas \u2013, pa\u00eds afora, est\u00e3o experimentando severas dificuldades no desempenho da atividade-meio do \u00d3rg\u00e3o. E a tend\u00eancia \u00e9 de piora. Diante desse cen\u00e1rio, caso n\u00e3o adotadas provid\u00eancias adequadas pela Administra\u00e7\u00e3o, \u00e9 seguro concluir que a paralisa\u00e7\u00e3o do servi\u00e7o de apoio da PGFN \u00e9 iminente\".\r\n\r\nAcesse a \u00edntegra do Of\u00edcio protocolado: <a href=\"https:\/\/www.sinprofaz.org.br\/pdfs\/oficio-aposentadoria-dos-servidores-da-pgfn.pdf\">bit.ly\/2LaOY8K<\/a>","_links":{"self":[{"href":"https:\/\/sinprofaz.org.br\/2024\/wp-json\/wp\/v2\/posts\/10288"}],"collection":[{"href":"https:\/\/sinprofaz.org.br\/2024\/wp-json\/wp\/v2\/posts"}],"about":[{"href":"https:\/\/sinprofaz.org.br\/2024\/wp-json\/wp\/v2\/types\/post"}],"author":[{"embeddable":true,"href":"https:\/\/sinprofaz.org.br\/2024\/wp-json\/wp\/v2\/users\/2"}],"replies":[{"embeddable":true,"href":"https:\/\/sinprofaz.org.br\/2024\/wp-json\/wp\/v2\/comments?post=10288"}],"version-history":[{"count":5,"href":"https:\/\/sinprofaz.org.br\/2024\/wp-json\/wp\/v2\/posts\/10288\/revisions"}],"predecessor-version":[{"id":10293,"href":"https:\/\/sinprofaz.org.br\/2024\/wp-json\/wp\/v2\/posts\/10288\/revisions\/10293"}],"wp:featuredmedia":[{"embeddable":true,"href":"https:\/\/sinprofaz.org.br\/2024\/wp-json\/wp\/v2\/media\/9523"}],"wp:attachment":[{"href":"https:\/\/sinprofaz.org.br\/2024\/wp-json\/wp\/v2\/media?parent=10288"}],"wp:term":[{"taxonomy":"category","embeddable":true,"href":"https:\/\/sinprofaz.org.br\/2024\/wp-json\/wp\/v2\/categories?post=10288"},{"taxonomy":"post_tag","embeddable":true,"href":"https:\/\/sinprofaz.org.br\/2024\/wp-json\/wp\/v2\/tags?post=10288"}],"curies":[{"name":"wp","href":"https:\/\/api.w.org\/{rel}","templated":true}]}}