{"id":10284,"date":"2019-08-29T09:07:09","date_gmt":"2019-08-29T12:07:09","guid":{"rendered":"http:\/\/www.sinprofaz.org.br\/?p=10284"},"modified":"2019-08-29T09:07:09","modified_gmt":"2019-08-29T12:07:09","slug":"sinprofaz-comparece-a-seminario-sobre-sonegacao-e-lavagem-de-dinheiro","status":"publish","type":"post","link":"https:\/\/sinprofaz.org.br\/2024\/noticias\/sinprofaz-comparece-a-seminario-sobre-sonegacao-e-lavagem-de-dinheiro\/","title":{"rendered":"SINPROFAZ COMPARECE A SEMIN\u00c1RIO SOBRE SONEGA\u00c7\u00c3O E LAVAGEM DE DINHEIRO"},"content":{"rendered":"<p>O SINPROFAZ, representado pelo presidente Ernane Brito, compareceu na ter\u00e7a-feira (27) ao semin\u00e1rio \u201cA sonega\u00e7\u00e3o fiscal como crime antecedente \u00e0 lavagem de dinheiro\u201d. O evento, realizado em Bras\u00edlia\/DF com o apoio do SINPROFAZ, foi promovido pela Estrat\u00e9gia Nacional de Combate \u00e0 Corrup\u00e7\u00e3o e \u00e0 Lavagem de Dinheiro &#8211; ENCCLA, sob a coordena\u00e7\u00e3o da Procuradoria-Geral da Fazenda Nacional e da Secretaria da Receita Federal do Brasil.<\/p>\n<p>Entre os palestrantes do evento, estiveram autoridades como o vice-presidente do STF, ministro Luiz Fux; o ministro da Economia, Paulo Guedes; o procurador-geral da Fazenda Nacional, Jos\u00e9 Levi; o ex-PGFN e atual adjunto do advogado-geral da Uni\u00e3o, Fabr\u00edcio Da Soller; o secret\u00e1rio especial da Receita Federal, Marcos Cintra; o presidente do Conselho de Controle de Atividades Financeiras &#8211; COAF, Roberto Leonel, entre outros.<\/p>\n<p>Membros da Procuradoria da Fazenda Nacional prestigiaram o semin\u00e1rio. Entre os presentes, estiveram a PFN filiada Kalyara de Sousa e Melo; o consultor jur\u00eddico da PGFN Agostinho Netto; o coordenador-geral de Estrat\u00e9gia de Recupera\u00e7\u00e3o de Cr\u00e9ditos &#8211; CGR, Jo\u00e3o Grognet; a diretora-geral do Centro de Altos Estudos da PGFN &#8211; CEAE, Jersilene Moura, al\u00e9m de Kleber Cabral, presidente do Sindifisco Nacional. <\/p>\n<p>O objetivo do evento foi debater, com o meio t\u00e9cnico-jur\u00eddico e acad\u00eamico, a lavagem de dinheiro decorrente de crimes tribut\u00e1rios, promovendo a discuss\u00e3o acerca dos entraves \u00e0 caracteriza\u00e7\u00e3o dos crimes tribut\u00e1rios como antecedentes \u00e0 lavagem de dinheiro; da autonomia do crime de lavagem de dinheiro em rela\u00e7\u00e3o ao delito antecedente; da natureza material dos crimes contra a ordem tribut\u00e1ria e da vantagem econ\u00f4mica dos il\u00edcitos tribut\u00e1rios. <\/p>\n<p>N\u00e3o participou do semin\u00e1rio? Confira as palestras em v\u00eddeo!<br \/>\n26\/08 Abertura: <a href=\"http:\/\/youtu.be\/92GGb9fg5X0\" rel=\"noopener\" target=\"_blank\">youtu.be\/92GGb9fg5X0<\/a><br \/>\n27\/08 Palestras: <a href=\"http:\/\/youtu.be\/Z5u5fPgIDfo\" rel=\"noopener\" target=\"_blank\">youtu.be\/Z5u5fPgIDfo<\/a> e <a href=\"http:\/\/youtu.be\/P-kAgqcwU0E\" rel=\"noopener\" target=\"_blank\">youtu.be\/P-kAgqcwU0E<\/a><\/p>\n","protected":false},"excerpt":{"rendered":"<p>O SINPROFAZ compareceu ao semin\u00e1rio \u201cA sonega\u00e7\u00e3o fiscal como crime antecedente \u00e0 lavagem de dinheiro\u201d. O evento, realizado em Bras\u00edlia\/DF com o apoio do SINPROFAZ, foi promovido pela ENCCLA, sob a coordena\u00e7\u00e3o da PGFN e da Receita Federal do Brasil.  <\/p>\n","protected":false},"author":2,"featured_media":10285,"comment_status":"open","ping_status":"open","sticky":false,"template":"","format":"standard","meta":{"footnotes":""},"categories":[8],"tags":[32,44,25],"featured_image_url":"https:\/\/sinprofaz.org.br\/2024\/wp-content\/uploads\/2019\/08\/01-11.jpg","character_count":966,"formatted_date":"29\/08\/2019 - 09:07","contentNovo":"O SINPROFAZ, representado pelo presidente Ernane Brito, compareceu na ter\u00e7a-feira (27) ao semin\u00e1rio \u201cA sonega\u00e7\u00e3o fiscal como crime antecedente \u00e0 lavagem de dinheiro\u201d. O evento, realizado em Bras\u00edlia\/DF com o apoio do SINPROFAZ, foi promovido pela Estrat\u00e9gia Nacional de Combate \u00e0 Corrup\u00e7\u00e3o e \u00e0 Lavagem de Dinheiro - ENCCLA, sob a coordena\u00e7\u00e3o da Procuradoria-Geral da Fazenda Nacional e da Secretaria da Receita Federal do Brasil.\r\n\r\nEntre os palestrantes do evento, estiveram autoridades como o vice-presidente do STF, ministro Luiz Fux; o ministro da Economia, Paulo Guedes; o procurador-geral da Fazenda Nacional, Jos\u00e9 Levi; o ex-PGFN e atual adjunto do advogado-geral da Uni\u00e3o, Fabr\u00edcio Da Soller; o secret\u00e1rio especial da Receita Federal, Marcos Cintra; o presidente do Conselho de Controle de Atividades Financeiras - COAF, Roberto Leonel, entre outros.\r\n\r\nMembros da Procuradoria da Fazenda Nacional prestigiaram o semin\u00e1rio. Entre os presentes, estiveram a PFN filiada Kalyara de Sousa e Melo; o consultor jur\u00eddico da PGFN Agostinho Netto; o coordenador-geral de Estrat\u00e9gia de Recupera\u00e7\u00e3o de Cr\u00e9ditos - CGR, Jo\u00e3o Grognet; a diretora-geral do Centro de Altos Estudos da PGFN - CEAE, Jersilene Moura, al\u00e9m de Kleber Cabral, presidente do Sindifisco Nacional. \r\n\r\nO objetivo do evento foi debater, com o meio t\u00e9cnico-jur\u00eddico e acad\u00eamico, a lavagem de dinheiro decorrente de crimes tribut\u00e1rios, promovendo a discuss\u00e3o acerca dos entraves \u00e0 caracteriza\u00e7\u00e3o dos crimes tribut\u00e1rios como antecedentes \u00e0 lavagem de dinheiro; da autonomia do crime de lavagem de dinheiro em rela\u00e7\u00e3o ao delito antecedente; da natureza material dos crimes contra a ordem tribut\u00e1ria e da vantagem econ\u00f4mica dos il\u00edcitos tribut\u00e1rios. \r\n\r\nN\u00e3o participou do semin\u00e1rio? Confira as palestras em v\u00eddeo!\r\n26\/08 Abertura: <a href=\"http:\/\/youtu.be\/92GGb9fg5X0\" rel=\"noopener\" target=\"_blank\">youtu.be\/92GGb9fg5X0<\/a>\r\n27\/08 Palestras: <a href=\"http:\/\/youtu.be\/Z5u5fPgIDfo\" rel=\"noopener\" target=\"_blank\">youtu.be\/Z5u5fPgIDfo<\/a> e <a href=\"http:\/\/youtu.be\/P-kAgqcwU0E\" rel=\"noopener\" target=\"_blank\">youtu.be\/P-kAgqcwU0E<\/a>","_links":{"self":[{"href":"https:\/\/sinprofaz.org.br\/2024\/wp-json\/wp\/v2\/posts\/10284"}],"collection":[{"href":"https:\/\/sinprofaz.org.br\/2024\/wp-json\/wp\/v2\/posts"}],"about":[{"href":"https:\/\/sinprofaz.org.br\/2024\/wp-json\/wp\/v2\/types\/post"}],"author":[{"embeddable":true,"href":"https:\/\/sinprofaz.org.br\/2024\/wp-json\/wp\/v2\/users\/2"}],"replies":[{"embeddable":true,"href":"https:\/\/sinprofaz.org.br\/2024\/wp-json\/wp\/v2\/comments?post=10284"}],"version-history":[{"count":1,"href":"https:\/\/sinprofaz.org.br\/2024\/wp-json\/wp\/v2\/posts\/10284\/revisions"}],"predecessor-version":[{"id":10286,"href":"https:\/\/sinprofaz.org.br\/2024\/wp-json\/wp\/v2\/posts\/10284\/revisions\/10286"}],"wp:featuredmedia":[{"embeddable":true,"href":"https:\/\/sinprofaz.org.br\/2024\/wp-json\/wp\/v2\/media\/10285"}],"wp:attachment":[{"href":"https:\/\/sinprofaz.org.br\/2024\/wp-json\/wp\/v2\/media?parent=10284"}],"wp:term":[{"taxonomy":"category","embeddable":true,"href":"https:\/\/sinprofaz.org.br\/2024\/wp-json\/wp\/v2\/categories?post=10284"},{"taxonomy":"post_tag","embeddable":true,"href":"https:\/\/sinprofaz.org.br\/2024\/wp-json\/wp\/v2\/tags?post=10284"}],"curies":[{"name":"wp","href":"https:\/\/api.w.org\/{rel}","templated":true}]}}