{"id":10268,"date":"2019-08-27T09:21:04","date_gmt":"2019-08-27T12:21:04","guid":{"rendered":"http:\/\/www.sinprofaz.org.br\/?p=10268"},"modified":"2019-08-28T11:46:25","modified_gmt":"2019-08-28T14:46:25","slug":"presidente-do-sinprofaz-convida-pfns-a-se-filiarem-ao-sindicato","status":"publish","type":"post","link":"https:\/\/sinprofaz.org.br\/2024\/noticias\/presidente-do-sinprofaz-convida-pfns-a-se-filiarem-ao-sindicato\/","title":{"rendered":"PRESIDENTE DO SINPROFAZ CONVIDA PFNS A SE FILIAREM AO SINDICATO"},"content":{"rendered":"<p>Em v\u00eddeo dirigido aos Colegas, o presidente do SINPROFAZ, Ernane Brito, convidou os PFNs a se filiarem ao Sindicato. O convite foi estendido \u00e0queles que j\u00e1 foram associados, os quais podem aproveitar as \u00f3timas condi\u00e7\u00f5es oferecidas pelo SINPROFAZ para refilia\u00e7\u00e3o. De acordo com o presidente, a import\u00e2ncia do Sindicato est\u00e1 nas pautas de car\u00e1ter micro e macro. Entre os pleitos internos est\u00e1 a defesa de prerrogativas como a autonomia t\u00e9cnica, a n\u00e3o submiss\u00e3o ao controle de ponto e o teletrabalho.<\/p>\n<p>&#8220;Estamos diuturnamente junto ao procurador-geral da Fazenda Nacional e \u00e0s adjuntorias defendendo o bem-estar e a qualidade laboral dos PFNs. Temos tamb\u00e9m as pautas externas, como as reformas administrativa, previdenci\u00e1ria e tribut\u00e1ria, as medidas de combate ao devedor contumaz e de fortalecimento da cobran\u00e7a da d\u00edvida ativa da Uni\u00e3o. S\u00e3o muitas as pautas internas e externas e voc\u00ea, PFN, \u00e9 respons\u00e1vel direto pela exist\u00eancia e subsist\u00eancia delas. Venha para o SINPROFAZ!&#8221;<\/p>\n<p>Assista ao v\u00eddeo completo: <a href=\"https:\/\/youtu.be\/s721lMHKUN4\" target=\"_blank\" rel=\"noopener\">https:\/\/youtu.be\/s721lMHKUN4<\/a><\/p>\n","protected":false},"excerpt":{"rendered":"<p>Em v\u00eddeo dirigido aos Colegas, Ernane Brito convidou os PFNs a se filiarem ao Sindicato. O convite foi estendido \u00e0queles que j\u00e1 foram associados, os quais podem aproveitar as \u00f3timas condi\u00e7\u00f5es oferecidas pelo SINPROFAZ para refilia\u00e7\u00e3o. Assista ao v\u00eddeo e confira as vantagens da filia\u00e7\u00e3o.<\/p>\n","protected":false},"author":2,"featured_media":10271,"comment_status":"open","ping_status":"open","sticky":false,"template":"","format":"standard","meta":{"footnotes":""},"categories":[8],"tags":[32,150,25],"featured_image_url":"https:\/\/sinprofaz.org.br\/2024\/wp-content\/uploads\/2019\/08\/01-10.jpg","character_count":535,"formatted_date":"27\/08\/2019 - 09:21","contentNovo":"Em v\u00eddeo dirigido aos Colegas, o presidente do SINPROFAZ, Ernane Brito, convidou os PFNs a se filiarem ao Sindicato. O convite foi estendido \u00e0queles que j\u00e1 foram associados, os quais podem aproveitar as \u00f3timas condi\u00e7\u00f5es oferecidas pelo SINPROFAZ para refilia\u00e7\u00e3o. De acordo com o presidente, a import\u00e2ncia do Sindicato est\u00e1 nas pautas de car\u00e1ter micro e macro. Entre os pleitos internos est\u00e1 a defesa de prerrogativas como a autonomia t\u00e9cnica, a n\u00e3o submiss\u00e3o ao controle de ponto e o teletrabalho.\r\n\r\n\"Estamos diuturnamente junto ao procurador-geral da Fazenda Nacional e \u00e0s adjuntorias defendendo o bem-estar e a qualidade laboral dos PFNs. Temos tamb\u00e9m as pautas externas, como as reformas administrativa, previdenci\u00e1ria e tribut\u00e1ria, as medidas de combate ao devedor contumaz e de fortalecimento da cobran\u00e7a da d\u00edvida ativa da Uni\u00e3o. S\u00e3o muitas as pautas internas e externas e voc\u00ea, PFN, \u00e9 respons\u00e1vel direto pela exist\u00eancia e subsist\u00eancia delas. Venha para o SINPROFAZ!\"\r\n\r\nAssista ao v\u00eddeo completo: <a href=\"https:\/\/youtu.be\/s721lMHKUN4\" target=\"_blank\" rel=\"noopener\">https:\/\/youtu.be\/s721lMHKUN4<\/a>","_links":{"self":[{"href":"https:\/\/sinprofaz.org.br\/2024\/wp-json\/wp\/v2\/posts\/10268"}],"collection":[{"href":"https:\/\/sinprofaz.org.br\/2024\/wp-json\/wp\/v2\/posts"}],"about":[{"href":"https:\/\/sinprofaz.org.br\/2024\/wp-json\/wp\/v2\/types\/post"}],"author":[{"embeddable":true,"href":"https:\/\/sinprofaz.org.br\/2024\/wp-json\/wp\/v2\/users\/2"}],"replies":[{"embeddable":true,"href":"https:\/\/sinprofaz.org.br\/2024\/wp-json\/wp\/v2\/comments?post=10268"}],"version-history":[{"count":2,"href":"https:\/\/sinprofaz.org.br\/2024\/wp-json\/wp\/v2\/posts\/10268\/revisions"}],"predecessor-version":[{"id":10281,"href":"https:\/\/sinprofaz.org.br\/2024\/wp-json\/wp\/v2\/posts\/10268\/revisions\/10281"}],"wp:featuredmedia":[{"embeddable":true,"href":"https:\/\/sinprofaz.org.br\/2024\/wp-json\/wp\/v2\/media\/10271"}],"wp:attachment":[{"href":"https:\/\/sinprofaz.org.br\/2024\/wp-json\/wp\/v2\/media?parent=10268"}],"wp:term":[{"taxonomy":"category","embeddable":true,"href":"https:\/\/sinprofaz.org.br\/2024\/wp-json\/wp\/v2\/categories?post=10268"},{"taxonomy":"post_tag","embeddable":true,"href":"https:\/\/sinprofaz.org.br\/2024\/wp-json\/wp\/v2\/tags?post=10268"}],"curies":[{"name":"wp","href":"https:\/\/api.w.org\/{rel}","templated":true}]}}