{"id":1025,"date":"2012-09-25T13:44:52","date_gmt":"2012-09-25T13:44:52","guid":{"rendered":""},"modified":"-0001-11-30T00:00:00","modified_gmt":"-0001-11-30T03:00:00","slug":"sinprofaz-combate-responsabilizacao-profissional-derivada-de-condicoes-precarias-de-trabalho","status":"publish","type":"post","link":"https:\/\/sinprofaz.org.br\/2024\/noticias\/sinprofaz-combate-responsabilizacao-profissional-derivada-de-condicoes-precarias-de-trabalho\/","title":{"rendered":"SINPROFAZ combate responsabiliza\u00e7\u00e3o profissional derivada de condi\u00e7\u00f5es prec\u00e1rias de trabalho"},"content":{"rendered":"<p>O SINPROFAZ entrou como interessado em um processo que evidencia a clara afronta ao direito do Advogado P\u00fablico de exercer seu trabalho com zelo e dedica\u00e7\u00e3o, com a estrutura necess\u00e1ria para melhor exercer suas atividades. Ao ingressar na causa, o SINPROFAZ quer defender um assunto que interessa a toda a categoria: a luta por melhores condi\u00e7\u00f5es de trabalho.<\/p>\n<p>Em Santa Catarina, o procurador da Fazenda Nacional Leandro Machado deixou de comparecer a uma audi\u00eancia porque n\u00e3o havia carro oficial para transport\u00e1-lo, muito embora ele tenha avisado o compromisso com anteced\u00eancia ao Poder P\u00fablico. Como conseq\u00fc\u00eancia, o procurador se tornou alvo de um procedimento administrativo por ordem do procurador-regional da Fazenda Nacional da 4\u00aa Regi\u00e3o.<\/p>\n<p>O processo, encaminhado \u00e0 Corregedoria Jur\u00eddica de \u00c9tica e Disciplina (Cajed) da PGFN, alega que a n\u00e3o disponibiliza\u00e7\u00e3o de ve\u00edculo oficial para condu\u00e7\u00e3o n\u00e3o justifica a aus\u00eancia do profissional da AGU, pois o deslocamento poderia ser feito a p\u00e9, por meio do transporte p\u00fablico, por seu pr\u00f3prio carro ou por ve\u00edculo particular oferecido por outro colega.<\/p>\n<p>Em documento encaminhado \u00e0 Cajed, o SINPROFAZ destaca o interesse geral no caso, pois o enquadramento do procurador \u201cdissemina clima de inseguran\u00e7a funcional e de profundo pesar em toda a categoria, aviltada em suas prerrogativas mais comezinhas\u201d.<\/p>\n<p>A entidade destaca que a falta de investimentos resulta na sobrecarga de trabalho e na infraestrutura de trabalhofalha em todo o pa\u00eds. \u201cN\u00e3o por outro motivo o SINPROFAZ iniciou uma s\u00e9rie de interven\u00e7\u00f5es junto \u00e0s institui\u00e7\u00f5es estatais de fiscaliza\u00e7\u00e3o e controle, buscando denunciar o atual estado de precariedade e as nefastas consequ\u00eancias para a defesa judicial e extrajudicial do Estado impostas por tais situa\u00e7\u00f5es\u201d, destaca a entidade.<\/p>\n<p>Clamando ser absolutamente inaceit\u00e1vel que as dificuldades institucionais sejam convertidas em faltas funcionais, o SINPROFAZ entende que o caso em quest\u00e3o tem import\u00e2ncia impar, uma vez que ir\u00e1 sinalizar a postura dos gestores da PGFN quanto ao tratamento a ser dispensado aos membros do \u00f3rg\u00e3o que dirigem.<\/p>\n<p>Como interessado, o SINPROFAZ pede o afastamento de qualquer medida correicional e cobra a apura\u00e7\u00e3o da quest\u00e3o institucional e estrutural envolvida.<\/p>\n","protected":false},"excerpt":{"rendered":"<p>O SINPROFAZ entrou como interessado em um processo que evidencia a clara afronta ao direito do Advogado P\u00fablico de exercer seu trabalho com zelo e dedica\u00e7\u00e3o, com a estrutura necess\u00e1ria para melhor exercer suas atividades.<\/p>\n","protected":false},"author":1,"featured_media":0,"comment_status":"closed","ping_status":"open","sticky":false,"template":"","format":"standard","meta":{"footnotes":""},"categories":[8],"tags":[],"featured_image_url":"https:\/\/dummyimage.com\/720x400","character_count":1152,"formatted_date":"25\/09\/2012 - 13:44","contentNovo":"\r\n<p>O SINPROFAZ entrou como interessado em um processo que evidencia a clara afronta ao direito do Advogado P\u00fablico de exercer seu trabalho com zelo e dedica\u00e7\u00e3o, com a estrutura necess\u00e1ria para melhor exercer suas atividades. Ao ingressar na causa, o SINPROFAZ quer defender um assunto que interessa a toda a categoria: a luta por melhores condi\u00e7\u00f5es de trabalho.<\/p>\r\n<p>Em Santa Catarina, o procurador da Fazenda Nacional Leandro Machado deixou de comparecer a uma audi\u00eancia porque n\u00e3o havia carro oficial para transport\u00e1-lo, muito embora ele tenha avisado o compromisso com anteced\u00eancia ao Poder P\u00fablico. Como conseq\u00fc\u00eancia, o procurador se tornou alvo de um procedimento administrativo por ordem do procurador-regional da Fazenda Nacional da 4\u00aa Regi\u00e3o.<\/p>\r\n<p>O processo, encaminhado \u00e0 Corregedoria Jur\u00eddica de \u00c9tica e Disciplina (Cajed) da PGFN, alega que a n\u00e3o disponibiliza\u00e7\u00e3o de ve\u00edculo oficial para condu\u00e7\u00e3o n\u00e3o justifica a aus\u00eancia do profissional da AGU, pois o deslocamento poderia ser feito a p\u00e9, por meio do transporte p\u00fablico, por seu pr\u00f3prio carro ou por ve\u00edculo particular oferecido por outro colega.<\/p>\r\n<p>Em documento encaminhado \u00e0 Cajed, o SINPROFAZ destaca o interesse geral no caso, pois o enquadramento do procurador \u201cdissemina clima de inseguran\u00e7a funcional e de profundo pesar em toda a categoria, aviltada em suas prerrogativas mais comezinhas\u201d.<\/p>\r\n<p>A entidade destaca que a falta de investimentos resulta na sobrecarga de trabalho e na infraestrutura de trabalhofalha em todo o pa\u00eds. \u201cN\u00e3o por outro motivo o SINPROFAZ iniciou uma s\u00e9rie de interven\u00e7\u00f5es junto \u00e0s institui\u00e7\u00f5es estatais de fiscaliza\u00e7\u00e3o e controle, buscando denunciar o atual estado de precariedade e as nefastas consequ\u00eancias para a defesa judicial e extrajudicial do Estado impostas por tais situa\u00e7\u00f5es\u201d, destaca a entidade.<\/p>\r\n<p>Clamando ser absolutamente inaceit\u00e1vel que as dificuldades institucionais sejam convertidas em faltas funcionais, o SINPROFAZ entende que o caso em quest\u00e3o tem import\u00e2ncia impar, uma vez que ir\u00e1 sinalizar a postura dos gestores da PGFN quanto ao tratamento a ser dispensado aos membros do \u00f3rg\u00e3o que dirigem.<\/p>\r\n<p>Como interessado, o SINPROFAZ pede o afastamento de qualquer medida correicional e cobra a apura\u00e7\u00e3o da quest\u00e3o institucional e estrutural envolvida.<\/p>","_links":{"self":[{"href":"https:\/\/sinprofaz.org.br\/2024\/wp-json\/wp\/v2\/posts\/1025"}],"collection":[{"href":"https:\/\/sinprofaz.org.br\/2024\/wp-json\/wp\/v2\/posts"}],"about":[{"href":"https:\/\/sinprofaz.org.br\/2024\/wp-json\/wp\/v2\/types\/post"}],"author":[{"embeddable":true,"href":"https:\/\/sinprofaz.org.br\/2024\/wp-json\/wp\/v2\/users\/1"}],"replies":[{"embeddable":true,"href":"https:\/\/sinprofaz.org.br\/2024\/wp-json\/wp\/v2\/comments?post=1025"}],"version-history":[{"count":0,"href":"https:\/\/sinprofaz.org.br\/2024\/wp-json\/wp\/v2\/posts\/1025\/revisions"}],"wp:attachment":[{"href":"https:\/\/sinprofaz.org.br\/2024\/wp-json\/wp\/v2\/media?parent=1025"}],"wp:term":[{"taxonomy":"category","embeddable":true,"href":"https:\/\/sinprofaz.org.br\/2024\/wp-json\/wp\/v2\/categories?post=1025"},{"taxonomy":"post_tag","embeddable":true,"href":"https:\/\/sinprofaz.org.br\/2024\/wp-json\/wp\/v2\/tags?post=1025"}],"curies":[{"name":"wp","href":"https:\/\/api.w.org\/{rel}","templated":true}]}}