{"id":10242,"date":"2019-08-22T08:47:37","date_gmt":"2019-08-22T11:47:37","guid":{"rendered":"http:\/\/www.sinprofaz.org.br\/?p=10242"},"modified":"2019-08-22T09:38:33","modified_gmt":"2019-08-22T12:38:33","slug":"forvm-debate-especificidades-e-prerrogativas-das-carreiras-da-agu","status":"publish","type":"post","link":"https:\/\/sinprofaz.org.br\/2024\/noticias\/forvm-debate-especificidades-e-prerrogativas-das-carreiras-da-agu\/","title":{"rendered":"FORVM DEBATE ESPECIFICIDADES E PRERROGATIVAS DAS CARREIRAS DA AGU"},"content":{"rendered":"<p>As entidades integrantes do F\u00f3rum Nacional da Advocacia P\u00fablica Federal estiveram reunidas na quarta-feira (21). Participaram da reuni\u00e3o o presidente do FORVM, Achilles Frias, a vice-presidente Ruth Miller e a diretora-financeira M\u00e1rcia David, representantes, respectivamente, de SINPROFAZ, ANAJUR e ANAUNI.<\/p>\n<p>Na oportunidade do encontro, discutiram-se temas de interesse comum dos Membros da Advocacia-Geral da Uni\u00e3o. Entre os assuntos debatidos, esteve a necessidade de manuten\u00e7\u00e3o da independ\u00eancia entre as Carreiras que comp\u00f5em a Institui\u00e7\u00e3o, de modo que cada qual mantenha suas especificidades t\u00e9cnicas \u2013 tal quest\u00e3o \u00e9, hoje, um dos principais focos de atua\u00e7\u00e3o do FORVM.<\/p>\n<p>A defesa administrativa e judicial de prerrogativa da Carreira se mant\u00e9m como permanente ponto de aten\u00e7\u00e3o do F\u00f3rum Nacional da Advocacia P\u00fablica Federal. Nesse sentido, ANAJUR, ANAUNI e SINPROFAZ continuam alinhados e atuando conjuntamente para que os direitos dos advogados p\u00fablicos federais sejam resguardados.<\/p>\n\n\t\t<style type=\"text\/css\">\n\t\t\t#gallery-1 {\n\t\t\t\tmargin: auto;\n\t\t\t}\n\t\t\t#gallery-1 .gallery-item {\n\t\t\t\tfloat: left;\n\t\t\t\tmargin-top: 10px;\n\t\t\t\ttext-align: center;\n\t\t\t\twidth: 33%;\n\t\t\t}\n\t\t\t#gallery-1 img {\n\t\t\t\tborder: 2px solid #cfcfcf;\n\t\t\t}\n\t\t\t#gallery-1 .gallery-caption {\n\t\t\t\tmargin-left: 0;\n\t\t\t}\n\t\t\t\/* see gallery_shortcode() in wp-includes\/media.php *\/\n\t\t<\/style>\n\t\t<div id='gallery-1' class='gallery galleryid-10242 gallery-columns-3 gallery-size-thumbnail'><dl class='gallery-item'>\n\t\t\t<dt class='gallery-icon landscape'>\n\t\t\t\t<a href='https:\/\/sinprofaz.org.br\/2024\/wp-content\/uploads\/2019\/08\/02-2.png'><img loading=\"lazy\" decoding=\"async\" width=\"150\" height=\"150\" src=\"https:\/\/sinprofaz.org.br\/2024\/wp-content\/uploads\/2019\/08\/02-2-150x150.png\" class=\"attachment-thumbnail size-thumbnail\" alt=\"\" \/><\/a>\n\t\t\t<\/dt><\/dl>\n\t\t\t<br style='clear: both' \/>\n\t\t<\/div>\n\n","protected":false},"excerpt":{"rendered":"<p>As entidades integrantes do FORVM estiveram reunidas. Participaram do encontro o presidente do F\u00f3rum, Achilles Frias, a vice-presidente Ruth Miller e a diretora-financeira M\u00e1rcia David, representantes, respectivamente, de SINPROFAZ, ANAJUR e ANAUNI. <\/p>\n","protected":false},"author":2,"featured_media":10244,"comment_status":"open","ping_status":"open","sticky":false,"template":"","format":"standard","meta":{"footnotes":""},"categories":[8],"tags":[43,23,137],"featured_image_url":"https:\/\/sinprofaz.org.br\/2024\/wp-content\/uploads\/2019\/08\/01-2.png","character_count":683,"formatted_date":"22\/08\/2019 - 08:47","contentNovo":"As entidades integrantes do F\u00f3rum Nacional da Advocacia P\u00fablica Federal estiveram reunidas na quarta-feira (21). Participaram da reuni\u00e3o o presidente do FORVM, Achilles Frias, a vice-presidente Ruth Miller e a diretora-financeira M\u00e1rcia David, representantes, respectivamente, de SINPROFAZ, ANAJUR e ANAUNI.\r\n\r\nNa oportunidade do encontro, discutiram-se temas de interesse comum dos Membros da Advocacia-Geral da Uni\u00e3o. Entre os assuntos debatidos, esteve a necessidade de manuten\u00e7\u00e3o da independ\u00eancia entre as Carreiras que comp\u00f5em a Institui\u00e7\u00e3o, de modo que cada qual mantenha suas especificidades t\u00e9cnicas \u2013 tal quest\u00e3o \u00e9, hoje, um dos principais focos de atua\u00e7\u00e3o do FORVM.\r\n\r\nA defesa administrativa e judicial de prerrogativa da Carreira se mant\u00e9m como permanente ponto de aten\u00e7\u00e3o do F\u00f3rum Nacional da Advocacia P\u00fablica Federal. Nesse sentido, ANAJUR, ANAUNI e SINPROFAZ continuam alinhados e atuando conjuntamente para que os direitos dos advogados p\u00fablicos federais sejam resguardados.\r\n\r\n[gallery link=\"file\" ids=\"10245\"]","_links":{"self":[{"href":"https:\/\/sinprofaz.org.br\/2024\/wp-json\/wp\/v2\/posts\/10242"}],"collection":[{"href":"https:\/\/sinprofaz.org.br\/2024\/wp-json\/wp\/v2\/posts"}],"about":[{"href":"https:\/\/sinprofaz.org.br\/2024\/wp-json\/wp\/v2\/types\/post"}],"author":[{"embeddable":true,"href":"https:\/\/sinprofaz.org.br\/2024\/wp-json\/wp\/v2\/users\/2"}],"replies":[{"embeddable":true,"href":"https:\/\/sinprofaz.org.br\/2024\/wp-json\/wp\/v2\/comments?post=10242"}],"version-history":[{"count":11,"href":"https:\/\/sinprofaz.org.br\/2024\/wp-json\/wp\/v2\/posts\/10242\/revisions"}],"predecessor-version":[{"id":10255,"href":"https:\/\/sinprofaz.org.br\/2024\/wp-json\/wp\/v2\/posts\/10242\/revisions\/10255"}],"wp:featuredmedia":[{"embeddable":true,"href":"https:\/\/sinprofaz.org.br\/2024\/wp-json\/wp\/v2\/media\/10244"}],"wp:attachment":[{"href":"https:\/\/sinprofaz.org.br\/2024\/wp-json\/wp\/v2\/media?parent=10242"}],"wp:term":[{"taxonomy":"category","embeddable":true,"href":"https:\/\/sinprofaz.org.br\/2024\/wp-json\/wp\/v2\/categories?post=10242"},{"taxonomy":"post_tag","embeddable":true,"href":"https:\/\/sinprofaz.org.br\/2024\/wp-json\/wp\/v2\/tags?post=10242"}],"curies":[{"name":"wp","href":"https:\/\/api.w.org\/{rel}","templated":true}]}}