{"id":10231,"date":"2019-08-20T13:31:34","date_gmt":"2019-08-20T16:31:34","guid":{"rendered":"http:\/\/www.sinprofaz.org.br\/?p=10231"},"modified":"2019-08-21T09:18:13","modified_gmt":"2019-08-21T12:18:13","slug":"em-materia-do-valor-economico-sinprofaz-e-anauni-contestam-estudo-da-anafe","status":"publish","type":"post","link":"https:\/\/sinprofaz.org.br\/2024\/noticias\/em-materia-do-valor-economico-sinprofaz-e-anauni-contestam-estudo-da-anafe\/","title":{"rendered":"EM MAT\u00c9RIA DO VALOR ECON\u00d4MICO, SINPROFAZ E ANAUNI CONTESTAM ESTUDO DA ANAFE"},"content":{"rendered":"<p>Em sua vers\u00e3o impressa, o Valor Econ\u00f4mico publicou hoje (20) mat\u00e9ria intitulada &#8220;Entidades criticam proposta de fus\u00e3o na AGU&#8221;. As entidades em quest\u00e3o s\u00e3o SINPROFAZ e ANAUNI que, em Nota enviada ao jornal, desmentiram a pesquisa, elaborada por ANAFE e Funda\u00e7\u00e3o Get\u00falio Vargas (FGV), que conclui equivocadamente que a fus\u00e3o das carreiras integrantes da Advocacia-Geral da Uni\u00e3o proporcionaria economia aos cofres p\u00fablicos.<\/p>\n<p>Conforme trecho da Nota enviada ao jornal, o estudo da FGV esconde pleito corporativo da carreira de procurador federal, que \u00e9 o de ser admitido nos quadros da AGU sem concurso p\u00fablico: &#8220;Trata-se de uma carreira inchada e com pouco retorno para o Estado brasileiro. A unifica\u00e7\u00e3o, para eles, \u00e9 uma proposta que visa garantir sua sobreviv\u00eancia, especialmente em raz\u00e3o da press\u00e3o do governo atual sobre os servidores p\u00fablicos, demandando cada vez mais resultados e efici\u00eancia, sob pena de extin\u00e7\u00e3o&#8221;, diz a Nota. <\/p>\n<p>SINPROFAZ e ANAUNI est\u00e3o conduzindo estudo pr\u00f3prio para contestar o levantamento da FGV. <\/p>\n<p>Leia a \u00edntegra da mat\u00e9ria do Valor Econ\u00f4mico: <a href=\"http:\/\/bit.ly\/2NhbLCm\" rel=\"noopener\" target=\"_blank\">bit.ly\/2NhbLCm<\/a><\/p>\n","protected":false},"excerpt":{"rendered":"<p>Em sua vers\u00e3o impressa, o Valor Econ\u00f4mico publicou hoje mat\u00e9ria intitulada &#8220;Entidades criticam proposta de fus\u00e3o na AGU&#8221;. As entidades em quest\u00e3o s\u00e3o SINPROFAZ e ANAUNI que, em Nota enviada ao jornal, desmentiram estudo elaborado por ANAFE e FGV.<\/p>\n","protected":false},"author":2,"featured_media":10027,"comment_status":"open","ping_status":"open","sticky":false,"template":"","format":"standard","meta":{"footnotes":""},"categories":[8],"tags":[43,23,146,25],"featured_image_url":"https:\/\/sinprofaz.org.br\/2024\/wp-content\/uploads\/2019\/07\/Design-sem-nome-2.png","character_count":568,"formatted_date":"20\/08\/2019 - 13:31","contentNovo":"Em sua vers\u00e3o impressa, o Valor Econ\u00f4mico publicou hoje (20) mat\u00e9ria intitulada \"Entidades criticam proposta de fus\u00e3o na AGU\". As entidades em quest\u00e3o s\u00e3o SINPROFAZ e ANAUNI que, em Nota enviada ao jornal, desmentiram a pesquisa, elaborada por ANAFE e Funda\u00e7\u00e3o Get\u00falio Vargas (FGV), que conclui equivocadamente que a fus\u00e3o das carreiras integrantes da Advocacia-Geral da Uni\u00e3o proporcionaria economia aos cofres p\u00fablicos.\r\n\r\nConforme trecho da Nota enviada ao jornal, o estudo da FGV esconde pleito corporativo da carreira de procurador federal, que \u00e9 o de ser admitido nos quadros da AGU sem concurso p\u00fablico: \"Trata-se de uma carreira inchada e com pouco retorno para o Estado brasileiro. A unifica\u00e7\u00e3o, para eles, \u00e9 uma proposta que visa garantir sua sobreviv\u00eancia, especialmente em raz\u00e3o da press\u00e3o do governo atual sobre os servidores p\u00fablicos, demandando cada vez mais resultados e efici\u00eancia, sob pena de extin\u00e7\u00e3o\", diz a Nota. \r\n\r\nSINPROFAZ e ANAUNI est\u00e3o conduzindo estudo pr\u00f3prio para contestar o levantamento da FGV. \r\n\r\nLeia a \u00edntegra da mat\u00e9ria do Valor Econ\u00f4mico: <a href=\"http:\/\/bit.ly\/2NhbLCm\" rel=\"noopener\" target=\"_blank\">bit.ly\/2NhbLCm<\/a>","_links":{"self":[{"href":"https:\/\/sinprofaz.org.br\/2024\/wp-json\/wp\/v2\/posts\/10231"}],"collection":[{"href":"https:\/\/sinprofaz.org.br\/2024\/wp-json\/wp\/v2\/posts"}],"about":[{"href":"https:\/\/sinprofaz.org.br\/2024\/wp-json\/wp\/v2\/types\/post"}],"author":[{"embeddable":true,"href":"https:\/\/sinprofaz.org.br\/2024\/wp-json\/wp\/v2\/users\/2"}],"replies":[{"embeddable":true,"href":"https:\/\/sinprofaz.org.br\/2024\/wp-json\/wp\/v2\/comments?post=10231"}],"version-history":[{"count":1,"href":"https:\/\/sinprofaz.org.br\/2024\/wp-json\/wp\/v2\/posts\/10231\/revisions"}],"predecessor-version":[{"id":10234,"href":"https:\/\/sinprofaz.org.br\/2024\/wp-json\/wp\/v2\/posts\/10231\/revisions\/10234"}],"wp:featuredmedia":[{"embeddable":true,"href":"https:\/\/sinprofaz.org.br\/2024\/wp-json\/wp\/v2\/media\/10027"}],"wp:attachment":[{"href":"https:\/\/sinprofaz.org.br\/2024\/wp-json\/wp\/v2\/media?parent=10231"}],"wp:term":[{"taxonomy":"category","embeddable":true,"href":"https:\/\/sinprofaz.org.br\/2024\/wp-json\/wp\/v2\/categories?post=10231"},{"taxonomy":"post_tag","embeddable":true,"href":"https:\/\/sinprofaz.org.br\/2024\/wp-json\/wp\/v2\/tags?post=10231"}],"curies":[{"name":"wp","href":"https:\/\/api.w.org\/{rel}","templated":true}]}}