{"id":10226,"date":"2019-08-19T08:53:11","date_gmt":"2019-08-19T11:53:11","guid":{"rendered":"http:\/\/www.sinprofaz.org.br\/?p=10226"},"modified":"2019-08-20T13:58:58","modified_gmt":"2019-08-20T16:58:58","slug":"relacao-entre-sonegacao-e-lavagem-de-dinheiro-e-tema-de-seminario-da-pgfn","status":"publish","type":"post","link":"https:\/\/sinprofaz.org.br\/2024\/noticias\/relacao-entre-sonegacao-e-lavagem-de-dinheiro-e-tema-de-seminario-da-pgfn\/","title":{"rendered":"RELA\u00c7\u00c3O ENTRE SONEGA\u00c7\u00c3O E LAVAGEM DE DINHEIRO \u00c9 TEMA DE SEMIN\u00c1RIO DA PGFN"},"content":{"rendered":"<p>Est\u00e3o abertas as inscri\u00e7\u00f5es para o Semin\u00e1rio \u201cA sonega\u00e7\u00e3o fiscal como crime antecedente \u00e0 lavagem de dinheiro\u201d, a ser realizado nos dias 26 e 27 de agosto, em Bras\u00edlia\/DF. O evento, que conta com o apoio do SINPROFAZ, \u00e9 uma realiza\u00e7\u00e3o da Estrat\u00e9gia Nacional de Combate \u00e0 Corrup\u00e7\u00e3o e \u00e0 Lavagem de Dinheiro (ENCCLA), sob a coordena\u00e7\u00e3o conjunta da Procuradoria-Geral da Fazenda Nacional e da Secretaria da Receita Federal do Brasil.<\/p>\n<p>Entre os palestrantes do evento, est\u00e3o autoridades como o vice-presidente do STF, ministro Luiz Fux; o ministro da Economia, Paulo Guedes; o procurador-geral da Fazenda Nacional, Jos\u00e9 Levi Mello; o ex-PGFN e atual adjunto do advogado-geral da Uni\u00e3o, Fabr\u00edcio Da Soller; o secret\u00e1rio especial da Receita Federal, Marcos Cintra; o presidente do Conselho de Controle de Atividades Financeiras &#8211; COAF, Roberto Leonel, entre outros.<\/p>\n<p>O objetivo do evento \u00e9 debater, com o meio t\u00e9cnico-jur\u00eddico e acad\u00eamico, a lavagem de dinheiro decorrente de crimes tribut\u00e1rios, promovendo a discuss\u00e3o acerca dos entraves jur\u00eddicos \u00e0 caracteriza\u00e7\u00e3o dos crimes tribut\u00e1rios como antecedentes \u00e0 lavagem de dinheiro; da autonomia do crime de lavagem de dinheiro em rela\u00e7\u00e3o ao delito antecedente; da natureza material dos crimes contra a ordem tribut\u00e1ria e da vantagem econ\u00f4mica dos il\u00edcitos tribut\u00e1rios.<\/p>\n<p>O evento \u00e9 exclusivo para agentes p\u00fablicos. As inscri\u00e7\u00f5es s\u00e3o gratuitas e, ap\u00f3s realizadas, ser\u00e3o confirmadas mediante recebimento de e-mail do Centro de Altos Estudos da PGFN. Para se inscrever, acesse o <a href=\"https:\/\/docs.google.com\/forms\/d\/e\/1FAIpQLSdqAYl8ae26LerZj9YO1X7f2oLclAAhcMkB-3fb9f3AYTBZRw\/viewform?fbzx=-4390702788317121534\" target=\"_blank\" rel=\"noopener\">Formul\u00e1rio<\/a>.<\/p>\n<p><a href=\"http:\/\/enccla.camara.leg.br\/noticias\/programacao-seminario-a14\" target=\"_blank\" rel=\"noopener\">Acesse aqui a programa\u00e7\u00e3o do Semin\u00e1rio<\/a>.<\/p>\n","protected":false},"excerpt":{"rendered":"<p>Inscri\u00e7\u00f5es abertas para o Semin\u00e1rio \u201cA sonega\u00e7\u00e3o fiscal como crime antecedente \u00e0 lavagem de dinheiro\u201d, a ser realizado nos dias 26 e 27\/08, em Bras\u00edlia\/DF. O evento tem o apoio do SINPROFAZ e \u00e9 realizado pela ENCCLA sob a coordena\u00e7\u00e3o da PGFN e da Receita Federal.<\/p>\n","protected":false},"author":2,"featured_media":10235,"comment_status":"open","ping_status":"open","sticky":false,"template":"","format":"standard","meta":{"footnotes":""},"categories":[8],"tags":[32,146,44,25],"featured_image_url":"https:\/\/sinprofaz.org.br\/2024\/wp-content\/uploads\/2019\/08\/Enccla.png","character_count":814,"formatted_date":"19\/08\/2019 - 08:53","contentNovo":"Est\u00e3o abertas as inscri\u00e7\u00f5es para o Semin\u00e1rio \u201cA sonega\u00e7\u00e3o fiscal como crime antecedente \u00e0 lavagem de dinheiro\u201d, a ser realizado nos dias 26 e 27 de agosto, em Bras\u00edlia\/DF. O evento, que conta com o apoio do SINPROFAZ, \u00e9 uma realiza\u00e7\u00e3o da Estrat\u00e9gia Nacional de Combate \u00e0 Corrup\u00e7\u00e3o e \u00e0 Lavagem de Dinheiro (ENCCLA), sob a coordena\u00e7\u00e3o conjunta da Procuradoria-Geral da Fazenda Nacional e da Secretaria da Receita Federal do Brasil.\r\n\r\nEntre os palestrantes do evento, est\u00e3o autoridades como o vice-presidente do STF, ministro Luiz Fux; o ministro da Economia, Paulo Guedes; o procurador-geral da Fazenda Nacional, Jos\u00e9 Levi Mello; o ex-PGFN e atual adjunto do advogado-geral da Uni\u00e3o, Fabr\u00edcio Da Soller; o secret\u00e1rio especial da Receita Federal, Marcos Cintra; o presidente do Conselho de Controle de Atividades Financeiras - COAF, Roberto Leonel, entre outros.\r\n\r\nO objetivo do evento \u00e9 debater, com o meio t\u00e9cnico-jur\u00eddico e acad\u00eamico, a lavagem de dinheiro decorrente de crimes tribut\u00e1rios, promovendo a discuss\u00e3o acerca dos entraves jur\u00eddicos \u00e0 caracteriza\u00e7\u00e3o dos crimes tribut\u00e1rios como antecedentes \u00e0 lavagem de dinheiro; da autonomia do crime de lavagem de dinheiro em rela\u00e7\u00e3o ao delito antecedente; da natureza material dos crimes contra a ordem tribut\u00e1ria e da vantagem econ\u00f4mica dos il\u00edcitos tribut\u00e1rios.\r\n\r\nO evento \u00e9 exclusivo para agentes p\u00fablicos. As inscri\u00e7\u00f5es s\u00e3o gratuitas e, ap\u00f3s realizadas, ser\u00e3o confirmadas mediante recebimento de e-mail do Centro de Altos Estudos da PGFN. Para se inscrever, acesse o <a href=\"https:\/\/docs.google.com\/forms\/d\/e\/1FAIpQLSdqAYl8ae26LerZj9YO1X7f2oLclAAhcMkB-3fb9f3AYTBZRw\/viewform?fbzx=-4390702788317121534\" target=\"_blank\" rel=\"noopener\">Formul\u00e1rio<\/a>.\r\n\r\n<a href=\"http:\/\/enccla.camara.leg.br\/noticias\/programacao-seminario-a14\" target=\"_blank\" rel=\"noopener\">Acesse aqui a programa\u00e7\u00e3o do Semin\u00e1rio<\/a>.","_links":{"self":[{"href":"https:\/\/sinprofaz.org.br\/2024\/wp-json\/wp\/v2\/posts\/10226"}],"collection":[{"href":"https:\/\/sinprofaz.org.br\/2024\/wp-json\/wp\/v2\/posts"}],"about":[{"href":"https:\/\/sinprofaz.org.br\/2024\/wp-json\/wp\/v2\/types\/post"}],"author":[{"embeddable":true,"href":"https:\/\/sinprofaz.org.br\/2024\/wp-json\/wp\/v2\/users\/2"}],"replies":[{"embeddable":true,"href":"https:\/\/sinprofaz.org.br\/2024\/wp-json\/wp\/v2\/comments?post=10226"}],"version-history":[{"count":4,"href":"https:\/\/sinprofaz.org.br\/2024\/wp-json\/wp\/v2\/posts\/10226\/revisions"}],"predecessor-version":[{"id":10236,"href":"https:\/\/sinprofaz.org.br\/2024\/wp-json\/wp\/v2\/posts\/10226\/revisions\/10236"}],"wp:featuredmedia":[{"embeddable":true,"href":"https:\/\/sinprofaz.org.br\/2024\/wp-json\/wp\/v2\/media\/10235"}],"wp:attachment":[{"href":"https:\/\/sinprofaz.org.br\/2024\/wp-json\/wp\/v2\/media?parent=10226"}],"wp:term":[{"taxonomy":"category","embeddable":true,"href":"https:\/\/sinprofaz.org.br\/2024\/wp-json\/wp\/v2\/categories?post=10226"},{"taxonomy":"post_tag","embeddable":true,"href":"https:\/\/sinprofaz.org.br\/2024\/wp-json\/wp\/v2\/tags?post=10226"}],"curies":[{"name":"wp","href":"https:\/\/api.w.org\/{rel}","templated":true}]}}