{"id":10221,"date":"2019-08-16T09:10:38","date_gmt":"2019-08-16T12:10:38","guid":{"rendered":"http:\/\/www.sinprofaz.org.br\/?p=10221"},"modified":"2019-08-16T09:10:38","modified_gmt":"2019-08-16T12:10:38","slug":"segundo-diretor-reforma-tributaria-deve-ser-debatida-com-pgfn-e-sinprofaz","status":"publish","type":"post","link":"https:\/\/sinprofaz.org.br\/2024\/noticias\/segundo-diretor-reforma-tributaria-deve-ser-debatida-com-pgfn-e-sinprofaz\/","title":{"rendered":"SEGUNDO DIRETOR, REFORMA TRIBUT\u00c1RIA DEVE SER DEBATIDA COM PGFN E SINPROFAZ"},"content":{"rendered":"<p>A TV SINPROFAZ entrevistou Rodrigo Mellet, que exerce o segundo mandato como diretor parlamentar do Sindicato. Segundo ele, a nova gest\u00e3o trabalhar\u00e1 para consolidar os ganhos dos \u00faltimos anos. Al\u00e9m da luta em defesa das prerrogativas dos PFNs, o cen\u00e1rio que se avizinha tamb\u00e9m pressup\u00f5e reformas em \u00e2mbito nacional.<\/p>\n<p>&#8220;A PGFN deve participar dos debates sobre a reforma tribut\u00e1ria. \u00c9 uma medida que o pa\u00eds precisa. A recupera\u00e7\u00e3o de cr\u00e9ditos e a necessidade de manter a d\u00edvida ativa sob a gest\u00e3o da Carreira s\u00e3o quest\u00f5es fundamentais no arcabou\u00e7o da reforma. O texto proposto deve ser debatido junto \u00e0 PGFN e ao SINPROFAZ.&#8221;<\/p>\n<p> Assista \u00e0 \u00edntegra da entrevista: <a href=\"http:\/\/youtu.be\/Yrc_F5e4cRo\" rel=\"noopener\" target=\"_blank\">youtu.be\/Yrc_F5e4cRo<\/a><\/p>\n","protected":false},"excerpt":{"rendered":"<p>A TV SINPROFAZ entrevistou Rodrigo Mellet, que exerce o segundo mandato como diretor parlamentar do Sindicato. Segundo ele, al\u00e9m da luta em defesa das prerrogativas dos PFNs, o cen\u00e1rio que se avizinha tamb\u00e9m pressup\u00f5e reformas em \u00e2mbito nacional.<\/p>\n","protected":false},"author":2,"featured_media":10222,"comment_status":"open","ping_status":"open","sticky":false,"template":"","format":"standard","meta":{"footnotes":""},"categories":[8],"tags":[32,27,25],"featured_image_url":"https:\/\/sinprofaz.org.br\/2024\/wp-content\/uploads\/2019\/08\/01-6.jpg","character_count":355,"formatted_date":"16\/08\/2019 - 09:10","contentNovo":"A TV SINPROFAZ entrevistou Rodrigo Mellet, que exerce o segundo mandato como diretor parlamentar do Sindicato. Segundo ele, a nova gest\u00e3o trabalhar\u00e1 para consolidar os ganhos dos \u00faltimos anos. Al\u00e9m da luta em defesa das prerrogativas dos PFNs, o cen\u00e1rio que se avizinha tamb\u00e9m pressup\u00f5e reformas em \u00e2mbito nacional.\r\n\r\n\"A PGFN deve participar dos debates sobre a reforma tribut\u00e1ria. \u00c9 uma medida que o pa\u00eds precisa. A recupera\u00e7\u00e3o de cr\u00e9ditos e a necessidade de manter a d\u00edvida ativa sob a gest\u00e3o da Carreira s\u00e3o quest\u00f5es fundamentais no arcabou\u00e7o da reforma. O texto proposto deve ser debatido junto \u00e0 PGFN e ao SINPROFAZ.\"\r\n\r\n Assista \u00e0 \u00edntegra da entrevista: <a href=\"http:\/\/youtu.be\/Yrc_F5e4cRo\" rel=\"noopener\" target=\"_blank\">youtu.be\/Yrc_F5e4cRo<\/a>","_links":{"self":[{"href":"https:\/\/sinprofaz.org.br\/2024\/wp-json\/wp\/v2\/posts\/10221"}],"collection":[{"href":"https:\/\/sinprofaz.org.br\/2024\/wp-json\/wp\/v2\/posts"}],"about":[{"href":"https:\/\/sinprofaz.org.br\/2024\/wp-json\/wp\/v2\/types\/post"}],"author":[{"embeddable":true,"href":"https:\/\/sinprofaz.org.br\/2024\/wp-json\/wp\/v2\/users\/2"}],"replies":[{"embeddable":true,"href":"https:\/\/sinprofaz.org.br\/2024\/wp-json\/wp\/v2\/comments?post=10221"}],"version-history":[{"count":1,"href":"https:\/\/sinprofaz.org.br\/2024\/wp-json\/wp\/v2\/posts\/10221\/revisions"}],"predecessor-version":[{"id":10223,"href":"https:\/\/sinprofaz.org.br\/2024\/wp-json\/wp\/v2\/posts\/10221\/revisions\/10223"}],"wp:featuredmedia":[{"embeddable":true,"href":"https:\/\/sinprofaz.org.br\/2024\/wp-json\/wp\/v2\/media\/10222"}],"wp:attachment":[{"href":"https:\/\/sinprofaz.org.br\/2024\/wp-json\/wp\/v2\/media?parent=10221"}],"wp:term":[{"taxonomy":"category","embeddable":true,"href":"https:\/\/sinprofaz.org.br\/2024\/wp-json\/wp\/v2\/categories?post=10221"},{"taxonomy":"post_tag","embeddable":true,"href":"https:\/\/sinprofaz.org.br\/2024\/wp-json\/wp\/v2\/tags?post=10221"}],"curies":[{"name":"wp","href":"https:\/\/api.w.org\/{rel}","templated":true}]}}