{"id":10215,"date":"2019-08-15T09:03:48","date_gmt":"2019-08-15T12:03:48","guid":{"rendered":"http:\/\/www.sinprofaz.org.br\/?p=10215"},"modified":"2019-08-16T09:48:13","modified_gmt":"2019-08-16T12:48:13","slug":"para-ex-presidente-justica-fiscal-deve-seguir-como-bandeira-do-sinprofaz","status":"publish","type":"post","link":"https:\/\/sinprofaz.org.br\/2024\/noticias\/para-ex-presidente-justica-fiscal-deve-seguir-como-bandeira-do-sinprofaz\/","title":{"rendered":"PARA EX-PRESIDENTE, JUSTI\u00c7A FISCAL DEVE SEGUIR COMO BANDEIRA DO SINPROFAZ"},"content":{"rendered":"<p>O ex-presidente Anderson Bittencourt compareceu \u00e0 Cerim\u00f4nia de Posse da Diretoria do SINPROFAZ. Em entrevista, ele abordou a quest\u00e3o da justi\u00e7a fiscal, bandeira antiga do Sindicato que, gest\u00e3o a gest\u00e3o, vem desenvolvendo exitosos projetos sobre o tema. Os ex-presidente demonstrou confian\u00e7a no trabalho da nova Diretoria e na capacidade dela em conscientizar o p\u00fablico sobre a intr\u00ednseca rela\u00e7\u00e3o entre justi\u00e7a fiscal e justi\u00e7a social.<\/p>\n<p>&#8220;O que hoje colhemos em termos de visibilidade enquanto Carreira se deve muito ao momento, l\u00e1 atr\u00e1s, em que abra\u00e7amos a causa da justi\u00e7a fiscal de maneira inconteste. Tivemos ainda a quest\u00e3o do Soneg\u00f4metro, que foi um gol de placa na gest\u00e3o do dr. Allan Titonelli. Tenho certeza que a nova gest\u00e3o do SINPROFAZ saber\u00e1 explorar isso e fazer as devidas pontes com a sociedade.&#8221;<\/p>\n<p>Confira a \u00edntegra da entrevista: <a href=\"http:\/\/bit.ly\/2y3s7FY\">bit.ly\/2y3s7FY<\/a><\/p>\n","protected":false},"excerpt":{"rendered":"<p>O ex-presidente Anderson Bittencourt compareceu \u00e0 Posse da Diretoria. Em entrevista, ele abordou a quest\u00e3o da justi\u00e7a fiscal, bandeira antiga do Sindicato que, gest\u00e3o a gest\u00e3o, vem desenvolvendo exitosos projetos sobre o tema.<\/p>\n","protected":false},"author":2,"featured_media":10216,"comment_status":"open","ping_status":"open","sticky":false,"template":"","format":"standard","meta":{"footnotes":""},"categories":[8],"tags":[32,27,25],"featured_image_url":"https:\/\/sinprofaz.org.br\/2024\/wp-content\/uploads\/2019\/08\/01-5.jpg","character_count":447,"formatted_date":"15\/08\/2019 - 09:03","contentNovo":"O ex-presidente Anderson Bittencourt compareceu \u00e0 Cerim\u00f4nia de Posse da Diretoria do SINPROFAZ. Em entrevista, ele abordou a quest\u00e3o da justi\u00e7a fiscal, bandeira antiga do Sindicato que, gest\u00e3o a gest\u00e3o, vem desenvolvendo exitosos projetos sobre o tema. Os ex-presidente demonstrou confian\u00e7a no trabalho da nova Diretoria e na capacidade dela em conscientizar o p\u00fablico sobre a intr\u00ednseca rela\u00e7\u00e3o entre justi\u00e7a fiscal e justi\u00e7a social.\r\n\r\n\"O que hoje colhemos em termos de visibilidade enquanto Carreira se deve muito ao momento, l\u00e1 atr\u00e1s, em que abra\u00e7amos a causa da justi\u00e7a fiscal de maneira inconteste. Tivemos ainda a quest\u00e3o do Soneg\u00f4metro, que foi um gol de placa na gest\u00e3o do dr. Allan Titonelli. Tenho certeza que a nova gest\u00e3o do SINPROFAZ saber\u00e1 explorar isso e fazer as devidas pontes com a sociedade.\"\r\n\r\nConfira a \u00edntegra da entrevista: <a href=\"http:\/\/bit.ly\/2y3s7FY\">bit.ly\/2y3s7FY<\/a>","_links":{"self":[{"href":"https:\/\/sinprofaz.org.br\/2024\/wp-json\/wp\/v2\/posts\/10215"}],"collection":[{"href":"https:\/\/sinprofaz.org.br\/2024\/wp-json\/wp\/v2\/posts"}],"about":[{"href":"https:\/\/sinprofaz.org.br\/2024\/wp-json\/wp\/v2\/types\/post"}],"author":[{"embeddable":true,"href":"https:\/\/sinprofaz.org.br\/2024\/wp-json\/wp\/v2\/users\/2"}],"replies":[{"embeddable":true,"href":"https:\/\/sinprofaz.org.br\/2024\/wp-json\/wp\/v2\/comments?post=10215"}],"version-history":[{"count":3,"href":"https:\/\/sinprofaz.org.br\/2024\/wp-json\/wp\/v2\/posts\/10215\/revisions"}],"predecessor-version":[{"id":10225,"href":"https:\/\/sinprofaz.org.br\/2024\/wp-json\/wp\/v2\/posts\/10215\/revisions\/10225"}],"wp:featuredmedia":[{"embeddable":true,"href":"https:\/\/sinprofaz.org.br\/2024\/wp-json\/wp\/v2\/media\/10216"}],"wp:attachment":[{"href":"https:\/\/sinprofaz.org.br\/2024\/wp-json\/wp\/v2\/media?parent=10215"}],"wp:term":[{"taxonomy":"category","embeddable":true,"href":"https:\/\/sinprofaz.org.br\/2024\/wp-json\/wp\/v2\/categories?post=10215"},{"taxonomy":"post_tag","embeddable":true,"href":"https:\/\/sinprofaz.org.br\/2024\/wp-json\/wp\/v2\/tags?post=10215"}],"curies":[{"name":"wp","href":"https:\/\/api.w.org\/{rel}","templated":true}]}}