{"id":10204,"date":"2019-08-14T17:17:07","date_gmt":"2019-08-14T20:17:07","guid":{"rendered":"http:\/\/www.sinprofaz.org.br\/?p=10204"},"modified":"2019-08-15T09:28:39","modified_gmt":"2019-08-15T12:28:39","slug":"entidades-do-movimento-nacional-pela-advocacia-publica-se-reunem-em-brasilia","status":"publish","type":"post","link":"https:\/\/sinprofaz.org.br\/2024\/noticias\/entidades-do-movimento-nacional-pela-advocacia-publica-se-reunem-em-brasilia\/","title":{"rendered":"ENTIDADES DO MOVIMENTO NACIONAL PELA ADVOCACIA P\u00daBLICA SE RE\u00daNEM EM BRAS\u00cdLIA"},"content":{"rendered":"<p>As entidades integrantes do Movimento Nacional pela Advocacia P\u00fablica estiveram reunidas nesta quarta-feira (14), em Bras\u00edlia\/DF. Na ocasi\u00e3o, o SINPROFAZ foi representado pelo presidente Ernane Brito e pelo diretor Achilles Frias. Juntamente com o Sindicato, fazem parte do Movimento a ANAUNI, a ANAJUR, a ANPPREV, a ANAFE, a ANAPE e a ANPM, entidades representativas dos advogados p\u00fablicos federais, estaduais e municipais.<\/p>\n<p>Ao longo da reuni\u00e3o, SINPROFAZ e associa\u00e7\u00f5es discutiram temas pertinentes \u00e0 Advocacia P\u00fablica nos tr\u00eas n\u00edveis da Federa\u00e7\u00e3o, tendo debatido, em especial, estrat\u00e9gias para defesa de prerrogativa da Carreira. Quanto ao tema, ficou definido que o Movimento atuar\u00e1 alinhado \u00e0 Comiss\u00e3o Nacional de Advocacia P\u00fablica do Conselho Federal da OAB e sempre atento \u00e0s discuss\u00f5es sobre a prerrogativa que porventura surjam nos tribunais pelo pa\u00eds.<\/p>\n<p>As entidades confirmaram presen\u00e7a na solenidade de lan\u00e7amento da Frente Parlamentar da Advocacia, que deve ocorrer no plen\u00e1rio da C\u00e2mara dos Deputados, na pr\u00f3xima ter\u00e7a-feira (20). Coordenada pelo deputado F\u00e1bio Trad (PSD\/MS), a Frente tem como finalidades, entre outras, promover debates e semin\u00e1rios relacionados \u00e0 atua\u00e7\u00e3o e \u00e0s reivindica\u00e7\u00f5es da categoria e apoiar o aperfei\u00e7oamento da legisla\u00e7\u00e3o relativa \u00e0s atribui\u00e7\u00f5es dos profissionais da \u00e1rea. Discutiu-se ainda a necessidade de se reinstalar a Frente Parlamentar em Defesa da Advocacia P\u00fablica, o que deve ocorrer nos pr\u00f3ximos meses.<\/p>\n\n\t\t<style type=\"text\/css\">\n\t\t\t#gallery-1 {\n\t\t\t\tmargin: auto;\n\t\t\t}\n\t\t\t#gallery-1 .gallery-item {\n\t\t\t\tfloat: left;\n\t\t\t\tmargin-top: 10px;\n\t\t\t\ttext-align: center;\n\t\t\t\twidth: 33%;\n\t\t\t}\n\t\t\t#gallery-1 img {\n\t\t\t\tborder: 2px solid #cfcfcf;\n\t\t\t}\n\t\t\t#gallery-1 .gallery-caption {\n\t\t\t\tmargin-left: 0;\n\t\t\t}\n\t\t\t\/* see gallery_shortcode() in wp-includes\/media.php *\/\n\t\t<\/style>\n\t\t<div id='gallery-1' class='gallery galleryid-10204 gallery-columns-3 gallery-size-thumbnail'><dl class='gallery-item'>\n\t\t\t<dt class='gallery-icon landscape'>\n\t\t\t\t<a href='https:\/\/sinprofaz.org.br\/2024\/wp-content\/uploads\/2019\/08\/03-1.png'><img loading=\"lazy\" decoding=\"async\" width=\"150\" height=\"150\" src=\"https:\/\/sinprofaz.org.br\/2024\/wp-content\/uploads\/2019\/08\/03-1-150x150.png\" class=\"attachment-thumbnail size-thumbnail\" alt=\"\" \/><\/a>\n\t\t\t<\/dt><\/dl><dl class='gallery-item'>\n\t\t\t<dt class='gallery-icon landscape'>\n\t\t\t\t<a href='https:\/\/sinprofaz.org.br\/2024\/wp-content\/uploads\/2019\/08\/02-1.png'><img loading=\"lazy\" decoding=\"async\" width=\"150\" height=\"150\" src=\"https:\/\/sinprofaz.org.br\/2024\/wp-content\/uploads\/2019\/08\/02-1-150x150.png\" class=\"attachment-thumbnail size-thumbnail\" alt=\"\" \/><\/a>\n\t\t\t<\/dt><\/dl>\n\t\t\t<br style='clear: both' \/>\n\t\t<\/div>\n\n","protected":false},"excerpt":{"rendered":"<p>As entidades do Movimento Nacional pela Advocacia P\u00fablica estiveram reunidas. Juntamente com o Sindicato, fazem parte do Movimento ANAUNI, ANAJUR, ANPPREV, ANAFE, ANAPE e ANPM, representativas da advocacia federal, estadual e municipal.<\/p>\n","protected":false},"author":2,"featured_media":10205,"comment_status":"open","ping_status":"open","sticky":false,"template":"","format":"standard","meta":{"footnotes":""},"categories":[8],"tags":[34,25],"featured_image_url":"https:\/\/sinprofaz.org.br\/2024\/wp-content\/uploads\/2019\/08\/01-1.png","character_count":932,"formatted_date":"14\/08\/2019 - 17:17","contentNovo":"As entidades integrantes do Movimento Nacional pela Advocacia P\u00fablica estiveram reunidas nesta quarta-feira (14), em Bras\u00edlia\/DF. Na ocasi\u00e3o, o SINPROFAZ foi representado pelo presidente Ernane Brito e pelo diretor Achilles Frias. Juntamente com o Sindicato, fazem parte do Movimento a ANAUNI, a ANAJUR, a ANPPREV, a ANAFE, a ANAPE e a ANPM, entidades representativas dos advogados p\u00fablicos federais, estaduais e municipais.\r\n\r\nAo longo da reuni\u00e3o, SINPROFAZ e associa\u00e7\u00f5es discutiram temas pertinentes \u00e0 Advocacia P\u00fablica nos tr\u00eas n\u00edveis da Federa\u00e7\u00e3o, tendo debatido, em especial, estrat\u00e9gias para defesa de prerrogativa da Carreira. Quanto ao tema, ficou definido que o Movimento atuar\u00e1 alinhado \u00e0 Comiss\u00e3o Nacional de Advocacia P\u00fablica do Conselho Federal da OAB e sempre atento \u00e0s discuss\u00f5es sobre a prerrogativa que porventura surjam nos tribunais pelo pa\u00eds.\r\n\r\nAs entidades confirmaram presen\u00e7a na solenidade de lan\u00e7amento da Frente Parlamentar da Advocacia, que deve ocorrer no plen\u00e1rio da C\u00e2mara dos Deputados, na pr\u00f3xima ter\u00e7a-feira (20). Coordenada pelo deputado F\u00e1bio Trad (PSD\/MS), a Frente tem como finalidades, entre outras, promover debates e semin\u00e1rios relacionados \u00e0 atua\u00e7\u00e3o e \u00e0s reivindica\u00e7\u00f5es da categoria e apoiar o aperfei\u00e7oamento da legisla\u00e7\u00e3o relativa \u00e0s atribui\u00e7\u00f5es dos profissionais da \u00e1rea. Discutiu-se ainda a necessidade de se reinstalar a Frente Parlamentar em Defesa da Advocacia P\u00fablica, o que deve ocorrer nos pr\u00f3ximos meses.\r\n\r\n[gallery link=\"file\" ids=\"10211,10210\"]","_links":{"self":[{"href":"https:\/\/sinprofaz.org.br\/2024\/wp-json\/wp\/v2\/posts\/10204"}],"collection":[{"href":"https:\/\/sinprofaz.org.br\/2024\/wp-json\/wp\/v2\/posts"}],"about":[{"href":"https:\/\/sinprofaz.org.br\/2024\/wp-json\/wp\/v2\/types\/post"}],"author":[{"embeddable":true,"href":"https:\/\/sinprofaz.org.br\/2024\/wp-json\/wp\/v2\/users\/2"}],"replies":[{"embeddable":true,"href":"https:\/\/sinprofaz.org.br\/2024\/wp-json\/wp\/v2\/comments?post=10204"}],"version-history":[{"count":6,"href":"https:\/\/sinprofaz.org.br\/2024\/wp-json\/wp\/v2\/posts\/10204\/revisions"}],"predecessor-version":[{"id":10220,"href":"https:\/\/sinprofaz.org.br\/2024\/wp-json\/wp\/v2\/posts\/10204\/revisions\/10220"}],"wp:featuredmedia":[{"embeddable":true,"href":"https:\/\/sinprofaz.org.br\/2024\/wp-json\/wp\/v2\/media\/10205"}],"wp:attachment":[{"href":"https:\/\/sinprofaz.org.br\/2024\/wp-json\/wp\/v2\/media?parent=10204"}],"wp:term":[{"taxonomy":"category","embeddable":true,"href":"https:\/\/sinprofaz.org.br\/2024\/wp-json\/wp\/v2\/categories?post=10204"},{"taxonomy":"post_tag","embeddable":true,"href":"https:\/\/sinprofaz.org.br\/2024\/wp-json\/wp\/v2\/tags?post=10204"}],"curies":[{"name":"wp","href":"https:\/\/api.w.org\/{rel}","templated":true}]}}