{"id":10178,"date":"2019-08-12T09:28:27","date_gmt":"2019-08-12T12:28:27","guid":{"rendered":"http:\/\/www.sinprofaz.org.br\/?p=10178"},"modified":"2019-08-12T09:28:27","modified_gmt":"2019-08-12T12:28:27","slug":"paulo-paim-destaca-as-contribuicoes-do-sinprofaz-aos-debates-no-senado","status":"publish","type":"post","link":"https:\/\/sinprofaz.org.br\/2024\/noticias\/paulo-paim-destaca-as-contribuicoes-do-sinprofaz-aos-debates-no-senado\/","title":{"rendered":"PAULO PAIM DESTACA AS CONTRIBUI\u00c7\u00d5ES DO SINPROFAZ AOS DEBATES NO SENADO"},"content":{"rendered":"<p>O SINPROFAZ, representado pelo diretor Achilles Frias, tem participado de uma s\u00e9rie de audi\u00eancias p\u00fablicas promovidas no Senado Federal pela CPI da Previd\u00eancia e pela Comiss\u00e3o de Direitos Humanos e Legisla\u00e7\u00e3o Participativa. Os debates s\u00e3o sempre comandados por Paulo Paim (PT\/RS). Segundo o senador, o SINPROFAZ tem contribu\u00eddo muito para as discuss\u00f5es sobre as reformas que o Brasil vem enfrentando.<\/p>\n<p>&#8220;O SINPROFAZ tem dado enorme contribui\u00e7\u00e3o com dados, com n\u00fameros, com proje\u00e7\u00f5es e mostrado o quanto \u00e9 grave, no pa\u00eds, a apropria\u00e7\u00e3o ind\u00e9bita, a sonega\u00e7\u00e3o e a grande d\u00edvida dos poderosos, que j\u00e1 ultrapassa os R$ 2 trilh\u00f5es. Eu estou com o SINPROFAZ, hoje e sempre.&#8221;<\/p>\n<p>Confira o a \u00edntegra do v\u00eddeo:\u00a0<a href=\"https:\/\/www.youtube.com\/watch?v=Svcfzux2E5k&amp;feature=youtu.be\" target=\"_blank\" rel=\"noopener\" data-saferedirecturl=\"https:\/\/www.google.com\/url?q=http:\/\/youtu.be\/Svcfzux2E5k&amp;source=gmail&amp;ust=1565698793880000&amp;usg=AFQjCNGQQkv-MrGDdljav3Hlga2lCbt3Vg\">youtu.be\/Svcfzux2E5k<\/a><\/p>\n","protected":false},"excerpt":{"rendered":"<p>O SINPROFAZ, representado por Achilles Frias, tem participado de uma s\u00e9rie de audi\u00eancias p\u00fablicas promovidas no Senado pela CPI da Previd\u00eancia e pela Comiss\u00e3o de Direitos Humanos e Legisla\u00e7\u00e3o Participativa. Os debates s\u00e3o sempre comandados por Paulo Paim (PT\/RS).<\/p>\n","protected":false},"author":2,"featured_media":10179,"comment_status":"open","ping_status":"open","sticky":false,"template":"","format":"standard","meta":{"footnotes":""},"categories":[8],"tags":[77,53,25],"featured_image_url":"https:\/\/sinprofaz.org.br\/2024\/wp-content\/uploads\/2019\/08\/nota-sin.png","character_count":379,"formatted_date":"12\/08\/2019 - 09:28","contentNovo":"O SINPROFAZ, representado pelo diretor Achilles Frias, tem participado de uma s\u00e9rie de audi\u00eancias p\u00fablicas promovidas no Senado Federal pela CPI da Previd\u00eancia e pela Comiss\u00e3o de Direitos Humanos e Legisla\u00e7\u00e3o Participativa. Os debates s\u00e3o sempre comandados por Paulo Paim (PT\/RS). Segundo o senador, o SINPROFAZ tem contribu\u00eddo muito para as discuss\u00f5es sobre as reformas que o Brasil vem enfrentando.\r\n\r\n\"O SINPROFAZ tem dado enorme contribui\u00e7\u00e3o com dados, com n\u00fameros, com proje\u00e7\u00f5es e mostrado o quanto \u00e9 grave, no pa\u00eds, a apropria\u00e7\u00e3o ind\u00e9bita, a sonega\u00e7\u00e3o e a grande d\u00edvida dos poderosos, que j\u00e1 ultrapassa os R$ 2 trilh\u00f5es. Eu estou com o SINPROFAZ, hoje e sempre.\"\r\n\r\nConfira o a \u00edntegra do v\u00eddeo:\u00a0<a href=\"https:\/\/www.youtube.com\/watch?v=Svcfzux2E5k&amp;feature=youtu.be\" target=\"_blank\" rel=\"noopener\" data-saferedirecturl=\"https:\/\/www.google.com\/url?q=http:\/\/youtu.be\/Svcfzux2E5k&amp;source=gmail&amp;ust=1565698793880000&amp;usg=AFQjCNGQQkv-MrGDdljav3Hlga2lCbt3Vg\">youtu.be\/Svcfzux2E5k<\/a>","_links":{"self":[{"href":"https:\/\/sinprofaz.org.br\/2024\/wp-json\/wp\/v2\/posts\/10178"}],"collection":[{"href":"https:\/\/sinprofaz.org.br\/2024\/wp-json\/wp\/v2\/posts"}],"about":[{"href":"https:\/\/sinprofaz.org.br\/2024\/wp-json\/wp\/v2\/types\/post"}],"author":[{"embeddable":true,"href":"https:\/\/sinprofaz.org.br\/2024\/wp-json\/wp\/v2\/users\/2"}],"replies":[{"embeddable":true,"href":"https:\/\/sinprofaz.org.br\/2024\/wp-json\/wp\/v2\/comments?post=10178"}],"version-history":[{"count":1,"href":"https:\/\/sinprofaz.org.br\/2024\/wp-json\/wp\/v2\/posts\/10178\/revisions"}],"predecessor-version":[{"id":10180,"href":"https:\/\/sinprofaz.org.br\/2024\/wp-json\/wp\/v2\/posts\/10178\/revisions\/10180"}],"wp:featuredmedia":[{"embeddable":true,"href":"https:\/\/sinprofaz.org.br\/2024\/wp-json\/wp\/v2\/media\/10179"}],"wp:attachment":[{"href":"https:\/\/sinprofaz.org.br\/2024\/wp-json\/wp\/v2\/media?parent=10178"}],"wp:term":[{"taxonomy":"category","embeddable":true,"href":"https:\/\/sinprofaz.org.br\/2024\/wp-json\/wp\/v2\/categories?post=10178"},{"taxonomy":"post_tag","embeddable":true,"href":"https:\/\/sinprofaz.org.br\/2024\/wp-json\/wp\/v2\/tags?post=10178"}],"curies":[{"name":"wp","href":"https:\/\/api.w.org\/{rel}","templated":true}]}}