{"id":10169,"date":"2019-08-08T09:12:45","date_gmt":"2019-08-08T12:12:45","guid":{"rendered":"http:\/\/www.sinprofaz.org.br\/?p=10169"},"modified":"2019-08-09T09:23:25","modified_gmt":"2019-08-09T12:23:25","slug":"diretoria-deve-prezar-pela-manutencao-de-prerrogativas-defende-ex-presidente","status":"publish","type":"post","link":"https:\/\/sinprofaz.org.br\/2024\/noticias\/diretoria-deve-prezar-pela-manutencao-de-prerrogativas-defende-ex-presidente\/","title":{"rendered":"DIRETORIA DEVE PREZAR PELA MANUTEN\u00c7\u00c3O DE PRERROGATIVAS, DEFENDE EX-PRESIDENTE"},"content":{"rendered":"<p>Na oportunidade da Cerim\u00f4nia de Posse da nova Diretoria, o ex-presidente Allan Titonelli concedeu entrevista \u00e0 TV SINPROFAZ. Segundo ele, a conscientiza\u00e7\u00e3o dos PFNs sobre a import\u00e2ncia do envolvimento individual com os pleitos da categoria \u00e9 fundamental, assim como a manuten\u00e7\u00e3o das prerrogativas conquistadas pela Carreira.<\/p>\n<p>&#8220;O dr. Ernane ter\u00e1 um futuro brilhante ao manter as conquistas das gest\u00f5es anteriores \u2013conquistas essas que foram muito relevantes na administra\u00e7\u00e3o do dr. Achilles e Diretoria e que t\u00eam tudo pra seguir neste novo mandato.&#8221;<\/p>\n<p>Confira a entrevista completa:\u00a0<a href=\"http:\/\/bit.ly\/2GpSkTP\" rel=\"noopener\" target=\"_blank\">bit.ly\/2GpSkTP<\/a><\/p>\n","protected":false},"excerpt":{"rendered":"<p>O ex-presidente Allan Titonelli concedeu entrevista \u00e0 TV SINPROFAZ. Segundo ele, a conscientiza\u00e7\u00e3o dos PFNs sobre a import\u00e2ncia do envolvimento individual com os pleitos da categoria \u00e9 fundamental.<\/p>\n","protected":false},"author":2,"featured_media":10170,"comment_status":"open","ping_status":"open","sticky":false,"template":"","format":"standard","meta":{"footnotes":""},"categories":[8],"tags":[32,27,25],"featured_image_url":"https:\/\/sinprofaz.org.br\/2024\/wp-content\/uploads\/2019\/08\/01-3.jpg","character_count":311,"formatted_date":"08\/08\/2019 - 09:12","contentNovo":"Na oportunidade da Cerim\u00f4nia de Posse da nova Diretoria, o ex-presidente Allan Titonelli concedeu entrevista \u00e0 TV SINPROFAZ. Segundo ele, a conscientiza\u00e7\u00e3o dos PFNs sobre a import\u00e2ncia do envolvimento individual com os pleitos da categoria \u00e9 fundamental, assim como a manuten\u00e7\u00e3o das prerrogativas conquistadas pela Carreira.\r\n\r\n\"O dr. Ernane ter\u00e1 um futuro brilhante ao manter as conquistas das gest\u00f5es anteriores \u2013conquistas essas que foram muito relevantes na administra\u00e7\u00e3o do dr. Achilles e Diretoria e que t\u00eam tudo pra seguir neste novo mandato.\"\r\n\r\nConfira a entrevista completa:\u00a0<a href=\"http:\/\/bit.ly\/2GpSkTP\" rel=\"noopener\" target=\"_blank\">bit.ly\/2GpSkTP<\/a>","_links":{"self":[{"href":"https:\/\/sinprofaz.org.br\/2024\/wp-json\/wp\/v2\/posts\/10169"}],"collection":[{"href":"https:\/\/sinprofaz.org.br\/2024\/wp-json\/wp\/v2\/posts"}],"about":[{"href":"https:\/\/sinprofaz.org.br\/2024\/wp-json\/wp\/v2\/types\/post"}],"author":[{"embeddable":true,"href":"https:\/\/sinprofaz.org.br\/2024\/wp-json\/wp\/v2\/users\/2"}],"replies":[{"embeddable":true,"href":"https:\/\/sinprofaz.org.br\/2024\/wp-json\/wp\/v2\/comments?post=10169"}],"version-history":[{"count":2,"href":"https:\/\/sinprofaz.org.br\/2024\/wp-json\/wp\/v2\/posts\/10169\/revisions"}],"predecessor-version":[{"id":10176,"href":"https:\/\/sinprofaz.org.br\/2024\/wp-json\/wp\/v2\/posts\/10169\/revisions\/10176"}],"wp:featuredmedia":[{"embeddable":true,"href":"https:\/\/sinprofaz.org.br\/2024\/wp-json\/wp\/v2\/media\/10170"}],"wp:attachment":[{"href":"https:\/\/sinprofaz.org.br\/2024\/wp-json\/wp\/v2\/media?parent=10169"}],"wp:term":[{"taxonomy":"category","embeddable":true,"href":"https:\/\/sinprofaz.org.br\/2024\/wp-json\/wp\/v2\/categories?post=10169"},{"taxonomy":"post_tag","embeddable":true,"href":"https:\/\/sinprofaz.org.br\/2024\/wp-json\/wp\/v2\/tags?post=10169"}],"curies":[{"name":"wp","href":"https:\/\/api.w.org\/{rel}","templated":true}]}}