{"id":10164,"date":"2019-08-07T17:19:17","date_gmt":"2019-08-07T20:19:17","guid":{"rendered":"http:\/\/www.sinprofaz.org.br\/?p=10164"},"modified":"2019-08-08T09:38:28","modified_gmt":"2019-08-08T12:38:28","slug":"sinprofaz-debate-reforma-da-previdencia-em-evento-da-agu-em-sao-paulosp","status":"publish","type":"post","link":"https:\/\/sinprofaz.org.br\/2024\/noticias\/sinprofaz-debate-reforma-da-previdencia-em-evento-da-agu-em-sao-paulosp\/","title":{"rendered":"SINPROFAZ DEBATE REFORMA DA PREVID\u00caNCIA EM EVENTO DA AGU EM S\u00c3O PAULO\/SP"},"content":{"rendered":"<p>O SINPROFAZ, representado por Achilles Frias, participou ontem (6) de mesa redonda sobre a \u201cReforma da Previd\u00eancia para o Regime Pr\u00f3prio dos integrantes das Carreiras de Estado\u201d. O diretor do Sindicato foi debatedor da mesa, presidida por Rita Dias Nolasco, procuradora da Fazenda Nacional filiada e diretora da Advocacia-Geral da Uni\u00e3o em S\u00e3o Paulo. Realizado pela Escola da AGU da 3\u00aa Regi\u00e3o, o debate teve o apoio institucional do SINPROFAZ e contou com palestra de Maria Lucia Fattorelli, coordenadora nacional da Auditoria Cidad\u00e3 da D\u00edvida, entidade parceira do Sindicato.<\/p>\n<p>Ao fazer uso da palavra, Achilles Frias abordou as diferen\u00e7as entre as PECs 287\/2016 e 006\/2019 \u2013 ambas relativas \u00e0 reforma da Previd\u00eancia \u2013, especialmente no que concerne \u00e0s atribui\u00e7\u00f5es dos PFNs, \u00e0s possibilidade de Refis e ao incremento da cobran\u00e7a da DAU. Tendo em vista o p\u00fablico de ouvintes formado majoritariamente por colegas da AGU, o diretor do SINPROFAZ abordou as principais regras que afetam os servidores p\u00fablicos na proposta de reforma em andamento. Achilles Frias analisou ainda o PL 1.646\/2019, que estabelece medidas para o combate ao devedor contumaz e para o fortalecimento da cobran\u00e7a da d\u00edvida ativa da Uni\u00e3o.<\/p>\n\n\t\t<style type=\"text\/css\">\n\t\t\t#gallery-1 {\n\t\t\t\tmargin: auto;\n\t\t\t}\n\t\t\t#gallery-1 .gallery-item {\n\t\t\t\tfloat: left;\n\t\t\t\tmargin-top: 10px;\n\t\t\t\ttext-align: center;\n\t\t\t\twidth: 33%;\n\t\t\t}\n\t\t\t#gallery-1 img {\n\t\t\t\tborder: 2px solid #cfcfcf;\n\t\t\t}\n\t\t\t#gallery-1 .gallery-caption {\n\t\t\t\tmargin-left: 0;\n\t\t\t}\n\t\t\t\/* see gallery_shortcode() in wp-includes\/media.php *\/\n\t\t<\/style>\n\t\t<div id='gallery-1' class='gallery galleryid-10164 gallery-columns-3 gallery-size-thumbnail'><dl class='gallery-item'>\n\t\t\t<dt class='gallery-icon landscape'>\n\t\t\t\t<a href='https:\/\/sinprofaz.org.br\/2024\/wp-content\/uploads\/2019\/08\/02.png'><img loading=\"lazy\" decoding=\"async\" width=\"150\" height=\"150\" src=\"https:\/\/sinprofaz.org.br\/2024\/wp-content\/uploads\/2019\/08\/02-150x150.png\" class=\"attachment-thumbnail size-thumbnail\" alt=\"\" \/><\/a>\n\t\t\t<\/dt><\/dl><dl class='gallery-item'>\n\t\t\t<dt class='gallery-icon landscape'>\n\t\t\t\t<a href='https:\/\/sinprofaz.org.br\/2024\/wp-content\/uploads\/2019\/08\/03.png'><img loading=\"lazy\" decoding=\"async\" width=\"150\" height=\"150\" src=\"https:\/\/sinprofaz.org.br\/2024\/wp-content\/uploads\/2019\/08\/03-150x150.png\" class=\"attachment-thumbnail size-thumbnail\" alt=\"\" \/><\/a>\n\t\t\t<\/dt><\/dl>\n\t\t\t<br style='clear: both' \/>\n\t\t<\/div>\n\n","protected":false},"excerpt":{"rendered":"<p>O SINPROFAZ, representado pelo diretor Achilles Frias, participou ontem (6) de mesa redonda sobre a \u201cReforma da Previd\u00eancia para o Regime Pr\u00f3prio dos integrantes das Carreiras de Estado\u201d. O diretor do Sindicato foi debatedor da mesa, presidida por Rita Nolasco.<\/p>\n","protected":false},"author":2,"featured_media":10165,"comment_status":"open","ping_status":"open","sticky":false,"template":"","format":"standard","meta":{"footnotes":""},"categories":[8],"tags":[43,77,25],"featured_image_url":"https:\/\/sinprofaz.org.br\/2024\/wp-content\/uploads\/2019\/08\/01.png","character_count":803,"formatted_date":"07\/08\/2019 - 17:19","contentNovo":"O SINPROFAZ, representado por Achilles Frias, participou ontem (6) de mesa redonda sobre a \u201cReforma da Previd\u00eancia para o Regime Pr\u00f3prio dos integrantes das Carreiras de Estado\u201d. O diretor do Sindicato foi debatedor da mesa, presidida por Rita Dias Nolasco, procuradora da Fazenda Nacional filiada e diretora da Advocacia-Geral da Uni\u00e3o em S\u00e3o Paulo. Realizado pela Escola da AGU da 3\u00aa Regi\u00e3o, o debate teve o apoio institucional do SINPROFAZ e contou com palestra de Maria Lucia Fattorelli, coordenadora nacional da Auditoria Cidad\u00e3 da D\u00edvida, entidade parceira do Sindicato.\r\n\r\nAo fazer uso da palavra, Achilles Frias abordou as diferen\u00e7as entre as PECs 287\/2016 e 006\/2019 \u2013 ambas relativas \u00e0 reforma da Previd\u00eancia \u2013, especialmente no que concerne \u00e0s atribui\u00e7\u00f5es dos PFNs, \u00e0s possibilidade de Refis e ao incremento da cobran\u00e7a da DAU. Tendo em vista o p\u00fablico de ouvintes formado majoritariamente por colegas da AGU, o diretor do SINPROFAZ abordou as principais regras que afetam os servidores p\u00fablicos na proposta de reforma em andamento. Achilles Frias analisou ainda o PL 1.646\/2019, que estabelece medidas para o combate ao devedor contumaz e para o fortalecimento da cobran\u00e7a da d\u00edvida ativa da Uni\u00e3o.\r\n\r\n[gallery link=\"file\" ids=\"10166,10167\"]","_links":{"self":[{"href":"https:\/\/sinprofaz.org.br\/2024\/wp-json\/wp\/v2\/posts\/10164"}],"collection":[{"href":"https:\/\/sinprofaz.org.br\/2024\/wp-json\/wp\/v2\/posts"}],"about":[{"href":"https:\/\/sinprofaz.org.br\/2024\/wp-json\/wp\/v2\/types\/post"}],"author":[{"embeddable":true,"href":"https:\/\/sinprofaz.org.br\/2024\/wp-json\/wp\/v2\/users\/2"}],"replies":[{"embeddable":true,"href":"https:\/\/sinprofaz.org.br\/2024\/wp-json\/wp\/v2\/comments?post=10164"}],"version-history":[{"count":2,"href":"https:\/\/sinprofaz.org.br\/2024\/wp-json\/wp\/v2\/posts\/10164\/revisions"}],"predecessor-version":[{"id":10172,"href":"https:\/\/sinprofaz.org.br\/2024\/wp-json\/wp\/v2\/posts\/10164\/revisions\/10172"}],"wp:featuredmedia":[{"embeddable":true,"href":"https:\/\/sinprofaz.org.br\/2024\/wp-json\/wp\/v2\/media\/10165"}],"wp:attachment":[{"href":"https:\/\/sinprofaz.org.br\/2024\/wp-json\/wp\/v2\/media?parent=10164"}],"wp:term":[{"taxonomy":"category","embeddable":true,"href":"https:\/\/sinprofaz.org.br\/2024\/wp-json\/wp\/v2\/categories?post=10164"},{"taxonomy":"post_tag","embeddable":true,"href":"https:\/\/sinprofaz.org.br\/2024\/wp-json\/wp\/v2\/tags?post=10164"}],"curies":[{"name":"wp","href":"https:\/\/api.w.org\/{rel}","templated":true}]}}