{"id":10153,"date":"2019-08-06T16:21:24","date_gmt":"2019-08-06T19:21:24","guid":{"rendered":"http:\/\/www.sinprofaz.org.br\/?p=10153"},"modified":"2019-08-06T16:37:53","modified_gmt":"2019-08-06T19:37:53","slug":"votacao-da-pec-62019-em-segundo-turno-na-camara-pauta-reuniao-do-fonacate","status":"publish","type":"post","link":"https:\/\/sinprofaz.org.br\/2024\/noticias\/votacao-da-pec-62019-em-segundo-turno-na-camara-pauta-reuniao-do-fonacate\/","title":{"rendered":"VOTA\u00c7\u00c3O EM SEGUNDO TURNO DA PEC 6\/2019 NA C\u00c2MARA PAUTA REUNI\u00c3O DO FONACATE"},"content":{"rendered":"<p>O SINPROFAZ, representado pelo presidente Ernane Brito, participou hoje (6) de Assembleia Geral do F\u00f3rum Nacional Permanente de Carreiras T\u00edpicas de Estado &#8211; Fonacate. O encontro reuniu diversas entidades para discuss\u00e3o a respeito da reforma previdenci\u00e1ria, cuja an\u00e1lise foi reiniciada hoje na C\u00e2mara dos Deputados, onde a PEC 6\/2019 ainda precisa ser votada em segundo turno.<\/p>\n<p>Ao longo da reuni\u00e3o, fez-se uma an\u00e1lise do cen\u00e1rio e de novas estrat\u00e9gias para articula\u00e7\u00e3o junto \u00e0 sociedade e ao Congresso Nacional. Nesta nova fase, a mobiliza\u00e7\u00e3o ter\u00e1 como prop\u00f3sitos, especialmente, a negocia\u00e7\u00e3o de regras mais justas de transi\u00e7\u00e3o; a revis\u00e3o dos c\u00e1lculos para as pens\u00f5es e as al\u00edquotas de contribui\u00e7\u00e3o dos servidores p\u00fablicos e o fim da possibilidade de contribui\u00e7\u00e3o extraordin\u00e1ria do servidor e de extin\u00e7\u00e3o de Regimes Pr\u00f3prios.<\/p>\n<p>Ao usar da fala, Ernane Brito pleiteou a atua\u00e7\u00e3o do Fonacate em prol da Funda\u00e7\u00e3o de Previd\u00eancia Complementar do Servidor P\u00fablico Federal &#8211; Funpresp, que corre o risco de privatiza\u00e7\u00e3o no caso de aprova\u00e7\u00e3o da PEC 6\/2019. Segundo o presidente do SINPROFAZ, a privatiza\u00e7\u00e3o significaria o fim da representa\u00e7\u00e3o parit\u00e1ria dos segurados na gest\u00e3o da Funpresp \u2013 configurando, portanto, a perda de uma enorme garantia. Em aten\u00e7\u00e3o ao pleito, a assessoria parlamentar do Fonacate se comprometeu a estudar a possibilidade de uma emenda supressiva.<\/p>\n<p>A reforma administrativa pretendida pelo Executivo tamb\u00e9m foi discutida na oportunidade da reuni\u00e3o, momento em que reiterou-se a urg\u00eancia de uma campanha unificada de valoriza\u00e7\u00e3o dos servidores p\u00fablicos que fa\u00e7a frente aos ataques do governo federal. A assembleia contou com a presen\u00e7a do deputado federal Professor Israel (PV\/DF), o qual atuar\u00e1 conjuntamente com o Fonacate visando ao lan\u00e7amento de uma Frente Parlamentar em defesa do Servi\u00e7o P\u00fablico.<\/p>\n\n\t\t<style type=\"text\/css\">\n\t\t\t#gallery-1 {\n\t\t\t\tmargin: auto;\n\t\t\t}\n\t\t\t#gallery-1 .gallery-item {\n\t\t\t\tfloat: left;\n\t\t\t\tmargin-top: 10px;\n\t\t\t\ttext-align: center;\n\t\t\t\twidth: 33%;\n\t\t\t}\n\t\t\t#gallery-1 img {\n\t\t\t\tborder: 2px solid #cfcfcf;\n\t\t\t}\n\t\t\t#gallery-1 .gallery-caption {\n\t\t\t\tmargin-left: 0;\n\t\t\t}\n\t\t\t\/* see gallery_shortcode() in wp-includes\/media.php *\/\n\t\t<\/style>\n\t\t<div id='gallery-1' class='gallery galleryid-10153 gallery-columns-3 gallery-size-thumbnail'><dl class='gallery-item'>\n\t\t\t<dt class='gallery-icon landscape'>\n\t\t\t\t<a href='https:\/\/sinprofaz.org.br\/2024\/wp-content\/uploads\/2019\/08\/2.jpg'><img loading=\"lazy\" decoding=\"async\" width=\"150\" height=\"150\" src=\"https:\/\/sinprofaz.org.br\/2024\/wp-content\/uploads\/2019\/08\/2-150x150.jpg\" class=\"attachment-thumbnail size-thumbnail\" alt=\"\" \/><\/a>\n\t\t\t<\/dt><\/dl><dl class='gallery-item'>\n\t\t\t<dt class='gallery-icon landscape'>\n\t\t\t\t<a href='https:\/\/sinprofaz.org.br\/2024\/wp-content\/uploads\/2019\/08\/3.jpg'><img loading=\"lazy\" decoding=\"async\" width=\"150\" height=\"150\" src=\"https:\/\/sinprofaz.org.br\/2024\/wp-content\/uploads\/2019\/08\/3-150x150.jpg\" class=\"attachment-thumbnail size-thumbnail\" alt=\"\" \/><\/a>\n\t\t\t<\/dt><\/dl>\n\t\t\t<br style='clear: both' \/>\n\t\t<\/div>\n\n","protected":false},"excerpt":{"rendered":"<p>O SINPROFAZ, representado pelo presidente Ernane Brito, participou hoje (6) de Assembleia Geral do Fonacate. O encontro reuniu diversas entidades para discuss\u00e3o a respeito da reforma previdenci\u00e1ria, cuja an\u00e1lise foi reiniciada hoje na C\u00e2mara dos Deputados.<\/p>\n","protected":false},"author":2,"featured_media":10160,"comment_status":"open","ping_status":"open","sticky":false,"template":"","format":"standard","meta":{"footnotes":""},"categories":[8],"tags":[122,77,25],"featured_image_url":"https:\/\/sinprofaz.org.br\/2024\/wp-content\/uploads\/2019\/08\/1.png","character_count":1130,"formatted_date":"06\/08\/2019 - 16:21","contentNovo":"O SINPROFAZ, representado pelo presidente Ernane Brito, participou hoje (6) de Assembleia Geral do F\u00f3rum Nacional Permanente de Carreiras T\u00edpicas de Estado - Fonacate. O encontro reuniu diversas entidades para discuss\u00e3o a respeito da reforma previdenci\u00e1ria, cuja an\u00e1lise foi reiniciada hoje na C\u00e2mara dos Deputados, onde a PEC 6\/2019 ainda precisa ser votada em segundo turno.\r\n\r\nAo longo da reuni\u00e3o, fez-se uma an\u00e1lise do cen\u00e1rio e de novas estrat\u00e9gias para articula\u00e7\u00e3o junto \u00e0 sociedade e ao Congresso Nacional. Nesta nova fase, a mobiliza\u00e7\u00e3o ter\u00e1 como prop\u00f3sitos, especialmente, a negocia\u00e7\u00e3o de regras mais justas de transi\u00e7\u00e3o; a revis\u00e3o dos c\u00e1lculos para as pens\u00f5es e as al\u00edquotas de contribui\u00e7\u00e3o dos servidores p\u00fablicos e o fim da possibilidade de contribui\u00e7\u00e3o extraordin\u00e1ria do servidor e de extin\u00e7\u00e3o de Regimes Pr\u00f3prios.\r\n\r\nAo usar da fala, Ernane Brito pleiteou a atua\u00e7\u00e3o do Fonacate em prol da Funda\u00e7\u00e3o de Previd\u00eancia Complementar do Servidor P\u00fablico Federal - Funpresp, que corre o risco de privatiza\u00e7\u00e3o no caso de aprova\u00e7\u00e3o da PEC 6\/2019. Segundo o presidente do SINPROFAZ, a privatiza\u00e7\u00e3o significaria o fim da representa\u00e7\u00e3o parit\u00e1ria dos segurados na gest\u00e3o da Funpresp \u2013 configurando, portanto, a perda de uma enorme garantia. Em aten\u00e7\u00e3o ao pleito, a assessoria parlamentar do Fonacate se comprometeu a estudar a possibilidade de uma emenda supressiva.\r\n\r\nA reforma administrativa pretendida pelo Executivo tamb\u00e9m foi discutida na oportunidade da reuni\u00e3o, momento em que reiterou-se a urg\u00eancia de uma campanha unificada de valoriza\u00e7\u00e3o dos servidores p\u00fablicos que fa\u00e7a frente aos ataques do governo federal. A assembleia contou com a presen\u00e7a do deputado federal Professor Israel (PV\/DF), o qual atuar\u00e1 conjuntamente com o Fonacate visando ao lan\u00e7amento de uma Frente Parlamentar em defesa do Servi\u00e7o P\u00fablico.\r\n\r\n[gallery link=\"file\" ids=\"10155,10156\"]","_links":{"self":[{"href":"https:\/\/sinprofaz.org.br\/2024\/wp-json\/wp\/v2\/posts\/10153"}],"collection":[{"href":"https:\/\/sinprofaz.org.br\/2024\/wp-json\/wp\/v2\/posts"}],"about":[{"href":"https:\/\/sinprofaz.org.br\/2024\/wp-json\/wp\/v2\/types\/post"}],"author":[{"embeddable":true,"href":"https:\/\/sinprofaz.org.br\/2024\/wp-json\/wp\/v2\/users\/2"}],"replies":[{"embeddable":true,"href":"https:\/\/sinprofaz.org.br\/2024\/wp-json\/wp\/v2\/comments?post=10153"}],"version-history":[{"count":4,"href":"https:\/\/sinprofaz.org.br\/2024\/wp-json\/wp\/v2\/posts\/10153\/revisions"}],"predecessor-version":[{"id":10162,"href":"https:\/\/sinprofaz.org.br\/2024\/wp-json\/wp\/v2\/posts\/10153\/revisions\/10162"}],"wp:featuredmedia":[{"embeddable":true,"href":"https:\/\/sinprofaz.org.br\/2024\/wp-json\/wp\/v2\/media\/10160"}],"wp:attachment":[{"href":"https:\/\/sinprofaz.org.br\/2024\/wp-json\/wp\/v2\/media?parent=10153"}],"wp:term":[{"taxonomy":"category","embeddable":true,"href":"https:\/\/sinprofaz.org.br\/2024\/wp-json\/wp\/v2\/categories?post=10153"},{"taxonomy":"post_tag","embeddable":true,"href":"https:\/\/sinprofaz.org.br\/2024\/wp-json\/wp\/v2\/tags?post=10153"}],"curies":[{"name":"wp","href":"https:\/\/api.w.org\/{rel}","templated":true}]}}