{"id":10146,"date":"2019-08-06T10:47:50","date_gmt":"2019-08-06T13:47:50","guid":{"rendered":"http:\/\/www.sinprofaz.org.br\/?p=10146"},"modified":"2019-08-06T16:28:53","modified_gmt":"2019-08-06T19:28:53","slug":"senado-noticias-repercute-participacao-do-sinprofaz-em-audiencia-publica","status":"publish","type":"post","link":"https:\/\/sinprofaz.org.br\/2024\/noticias\/senado-noticias-repercute-participacao-do-sinprofaz-em-audiencia-publica\/","title":{"rendered":"SENADO NOT\u00cdCIAS REPERCUTE PARTICIPA\u00c7\u00c3O DO SINPROFAZ EM AUDI\u00caNCIA P\u00daBLICA"},"content":{"rendered":"<p>O portal Senado Not\u00edcias repercutiu a participa\u00e7\u00e3o do SINPROFAZ na audi\u00eancia p\u00fablica promovida ontem (5) pela Comiss\u00e3o de Direitos Humanos e Legisla\u00e7\u00e3o Participativa (CDH). O Sindicato foi representado, na oportunidade, pelo diretor Achilles Frias. A audi\u00eancia foi comandada pelo senador Paulo Paim (PT\/RS) e marcou a retomada das discuss\u00f5es sobre a reforma da Previd\u00eancia, cuja an\u00e1lise e vota\u00e7\u00e3o devem ser iniciadas hoje, em segundo turno, na C\u00e2mara dos Deputados.<\/p>\n<p>Segundo a mat\u00e9ria publicada no portal, Achilles Frias fez a defesa de um sistema tribut\u00e1rio mais justo e demonstrou que a reforma previdenci\u00e1ria em debate terminar\u00e1 por extinguir a Previd\u00eancia Social e n\u00e3o apenas por reform\u00e1-la: &#8220;Como \u00e9 que um trabalhador brasileiro que n\u00e3o consegue chegar aos 40 anos de contribui\u00e7\u00e3o vai se aposentar? N\u00e3o se aposentar\u00e1. E ainda ter\u00e1 de ter 65 anos de idade. Est\u00e1 condenado a trabalhar at\u00e9 morrer&#8221;.<\/p>\n<p>Em resposta ao senador Styvenson Valentin (Podemos\/RN), que questionou se a capitaliza\u00e7\u00e3o seria uma solu\u00e7\u00e3o para os que n\u00e3o puderem contar com a Previd\u00eancia Social no futuro, Achilles Frias citou a Funda\u00e7\u00e3o de Previd\u00eancia Complementar do Servidor P\u00fablico Federal que, segundo o diretor do SINPROFAZ, ser\u00e1 em breve o maior fundo de previd\u00eancia complementar da Am\u00e9rica Latina. &#8220;Agora, com a PEC, a Funpresp poder\u00e1 ser extinta, abrindo-se mais um nicho para o mercado financeiro&#8221;, explicou.<\/p>\n<p>Confira a mat\u00e9ria publicada no portal Senado Not\u00edcias: <a href=\"http:\/\/bit.ly\/2M3TgBN\" target=\"_blank\" rel=\"noopener\">bit.ly\/2M3TgBN<\/a><\/p>\n\n\t\t<style type=\"text\/css\">\n\t\t\t#gallery-1 {\n\t\t\t\tmargin: auto;\n\t\t\t}\n\t\t\t#gallery-1 .gallery-item {\n\t\t\t\tfloat: left;\n\t\t\t\tmargin-top: 10px;\n\t\t\t\ttext-align: center;\n\t\t\t\twidth: 33%;\n\t\t\t}\n\t\t\t#gallery-1 img {\n\t\t\t\tborder: 2px solid #cfcfcf;\n\t\t\t}\n\t\t\t#gallery-1 .gallery-caption {\n\t\t\t\tmargin-left: 0;\n\t\t\t}\n\t\t\t\/* see gallery_shortcode() in wp-includes\/media.php *\/\n\t\t<\/style>\n\t\t<div id='gallery-1' class='gallery galleryid-10146 gallery-columns-3 gallery-size-thumbnail'><dl class='gallery-item'>\n\t\t\t<dt class='gallery-icon landscape'>\n\t\t\t\t<a href='https:\/\/sinprofaz.org.br\/2024\/wp-content\/uploads\/2019\/08\/02-1.jpg'><img loading=\"lazy\" decoding=\"async\" width=\"150\" height=\"150\" src=\"https:\/\/sinprofaz.org.br\/2024\/wp-content\/uploads\/2019\/08\/02-1-150x150.jpg\" class=\"attachment-thumbnail size-thumbnail\" alt=\"\" \/><\/a>\n\t\t\t<\/dt><\/dl><dl class='gallery-item'>\n\t\t\t<dt class='gallery-icon landscape'>\n\t\t\t\t<a href='https:\/\/sinprofaz.org.br\/2024\/wp-content\/uploads\/2019\/08\/03-1.jpg'><img loading=\"lazy\" decoding=\"async\" width=\"150\" height=\"150\" src=\"https:\/\/sinprofaz.org.br\/2024\/wp-content\/uploads\/2019\/08\/03-1-150x150.jpg\" class=\"attachment-thumbnail size-thumbnail\" alt=\"\" \/><\/a>\n\t\t\t<\/dt><\/dl>\n\t\t\t<br style='clear: both' \/>\n\t\t<\/div>\n\n","protected":false},"excerpt":{"rendered":"<p>O Senado Not\u00edcias repercutiu a participa\u00e7\u00e3o do SINPROFAZ na audi\u00eancia p\u00fablica promovida ontem pela Comiss\u00e3o de Direitos Humanos. O Sindicato foi representado, na oportunidade, pelo diretor Achilles Frias. Confira a reportagem.<\/p>\n","protected":false},"author":2,"featured_media":10147,"comment_status":"open","ping_status":"open","sticky":false,"template":"","format":"standard","meta":{"footnotes":""},"categories":[8],"tags":[77,53,25],"featured_image_url":"https:\/\/sinprofaz.org.br\/2024\/wp-content\/uploads\/2019\/08\/01-2.jpg","character_count":949,"formatted_date":"06\/08\/2019 - 10:47","contentNovo":"O portal Senado Not\u00edcias repercutiu a participa\u00e7\u00e3o do SINPROFAZ na audi\u00eancia p\u00fablica promovida ontem (5) pela Comiss\u00e3o de Direitos Humanos e Legisla\u00e7\u00e3o Participativa (CDH). O Sindicato foi representado, na oportunidade, pelo diretor Achilles Frias. A audi\u00eancia foi comandada pelo senador Paulo Paim (PT\/RS) e marcou a retomada das discuss\u00f5es sobre a reforma da Previd\u00eancia, cuja an\u00e1lise e vota\u00e7\u00e3o devem ser iniciadas hoje, em segundo turno, na C\u00e2mara dos Deputados.\r\n\r\nSegundo a mat\u00e9ria publicada no portal, Achilles Frias fez a defesa de um sistema tribut\u00e1rio mais justo e demonstrou que a reforma previdenci\u00e1ria em debate terminar\u00e1 por extinguir a Previd\u00eancia Social e n\u00e3o apenas por reform\u00e1-la: \"Como \u00e9 que um trabalhador brasileiro que n\u00e3o consegue chegar aos 40 anos de contribui\u00e7\u00e3o vai se aposentar? N\u00e3o se aposentar\u00e1. E ainda ter\u00e1 de ter 65 anos de idade. Est\u00e1 condenado a trabalhar at\u00e9 morrer\".\r\n\r\nEm resposta ao senador Styvenson Valentin (Podemos\/RN), que questionou se a capitaliza\u00e7\u00e3o seria uma solu\u00e7\u00e3o para os que n\u00e3o puderem contar com a Previd\u00eancia Social no futuro, Achilles Frias citou a Funda\u00e7\u00e3o de Previd\u00eancia Complementar do Servidor P\u00fablico Federal que, segundo o diretor do SINPROFAZ, ser\u00e1 em breve o maior fundo de previd\u00eancia complementar da Am\u00e9rica Latina. \"Agora, com a PEC, a Funpresp poder\u00e1 ser extinta, abrindo-se mais um nicho para o mercado financeiro\", explicou.\r\n\r\nConfira a mat\u00e9ria publicada no portal Senado Not\u00edcias: <a href=\"http:\/\/bit.ly\/2M3TgBN\" target=\"_blank\" rel=\"noopener\">bit.ly\/2M3TgBN<\/a>\r\n\r\n[gallery link=\"file\" ids=\"10148,10149\"]","_links":{"self":[{"href":"https:\/\/sinprofaz.org.br\/2024\/wp-json\/wp\/v2\/posts\/10146"}],"collection":[{"href":"https:\/\/sinprofaz.org.br\/2024\/wp-json\/wp\/v2\/posts"}],"about":[{"href":"https:\/\/sinprofaz.org.br\/2024\/wp-json\/wp\/v2\/types\/post"}],"author":[{"embeddable":true,"href":"https:\/\/sinprofaz.org.br\/2024\/wp-json\/wp\/v2\/users\/2"}],"replies":[{"embeddable":true,"href":"https:\/\/sinprofaz.org.br\/2024\/wp-json\/wp\/v2\/comments?post=10146"}],"version-history":[{"count":2,"href":"https:\/\/sinprofaz.org.br\/2024\/wp-json\/wp\/v2\/posts\/10146\/revisions"}],"predecessor-version":[{"id":10158,"href":"https:\/\/sinprofaz.org.br\/2024\/wp-json\/wp\/v2\/posts\/10146\/revisions\/10158"}],"wp:featuredmedia":[{"embeddable":true,"href":"https:\/\/sinprofaz.org.br\/2024\/wp-json\/wp\/v2\/media\/10147"}],"wp:attachment":[{"href":"https:\/\/sinprofaz.org.br\/2024\/wp-json\/wp\/v2\/media?parent=10146"}],"wp:term":[{"taxonomy":"category","embeddable":true,"href":"https:\/\/sinprofaz.org.br\/2024\/wp-json\/wp\/v2\/categories?post=10146"},{"taxonomy":"post_tag","embeddable":true,"href":"https:\/\/sinprofaz.org.br\/2024\/wp-json\/wp\/v2\/tags?post=10146"}],"curies":[{"name":"wp","href":"https:\/\/api.w.org\/{rel}","templated":true}]}}