{"id":10135,"date":"2019-08-05T15:31:35","date_gmt":"2019-08-05T18:31:35","guid":{"rendered":"http:\/\/www.sinprofaz.org.br\/?p=10135"},"modified":"2019-08-06T10:55:07","modified_gmt":"2019-08-06T13:55:07","slug":"no-senado-federal-sinprofaz-manifesta-contrariedade-a-reforma-da-previdencia","status":"publish","type":"post","link":"https:\/\/sinprofaz.org.br\/2024\/noticias\/no-senado-federal-sinprofaz-manifesta-contrariedade-a-reforma-da-previdencia\/","title":{"rendered":"NO SENADO FEDERAL, SINPROFAZ MANIFESTA CONTRARIEDADE \u00c0 REFORMA DA PREVID\u00caNCIA"},"content":{"rendered":"<p>O SINPROFAZ, representado por seu diretor, o procurador da Fazenda Nacional Achilles Frias, participou hoje (5) de audi\u00eancia p\u00fablica realizada no Senado Federal pela Comiss\u00e3o de Direitos Humanos e Legisla\u00e7\u00e3o Participativa (CDH). A reuni\u00e3o faz parte de um ciclo de debates promovido pela Comiss\u00e3o para discutir as implica\u00e7\u00f5es da reforma da Previd\u00eancia (PEC 6\/2019) sobre as v\u00e1rias categorias de trabalhadores, aposentados, pensionistas e benefici\u00e1rios do INSS. Amanh\u00e3 (6) deve ocorrer a vota\u00e7\u00e3o da PEC em segundo turno na C\u00e2mara dos Deputados. A audi\u00eancia p\u00fablica foi comandada por Paulo Paim (PT\/RS), presidente da CDH, e contou com a participa\u00e7\u00e3o do senador Styvenson Valentim (Podemos\/RN).<\/p>\n<p>Ao iniciar a exposi\u00e7\u00e3o, Achilles Frias destacou que, juntamente com outras carreiras, os procuradores da Fazenda Nacional t\u00eam a miss\u00e3o de combater a sonega\u00e7\u00e3o fiscal. Para que consiga fazer frente aos grandes sogadores, no entanto, a Procuradoria da Fazenda Nacional carece de aparelhamento. &#8220;O Soneg\u00f4metro registrou, no ano passado, o volume elevad\u00edssimo de R$626,8 bilh\u00f5es sonegados no Brasil \u2013 valor proveniente, sobretudo, do grande capital, que tem mecanismos sofisticados para fazer esse tipo de desvio. Esse volume bilion\u00e1rio demonstra que, em apenas dois anos de efetivo combate \u00e0 sonega\u00e7\u00e3o, o preju\u00edzo evitado seria equivalente \u00e0 economia prometida ao longo de uma d\u00e9cada pela pretendida reforma da Previd\u00eancia&#8221;, comparou. <\/p>\n<p>Segundo o diretor do SINPROFAZ, a PEC 6\/2019 n\u00e3o visa \u00e0 reforma, mas sim \u00e0 extin\u00e7\u00e3o da Previd\u00eancia Social que, de t\u00e3o desinteressante, perder\u00e1 seu nicho para o mercado financeiro: &#8220;O trabalhador, mais uma vez, pagar\u00e1 a conta. Ele, que j\u00e1 \u00e9 secularmente injusti\u00e7ado, voltar\u00e1 a ser miser\u00e1vel. O assalariado n\u00e3o conseguir\u00e1 se aposentar pelo regime geral e os bancos abocanhar\u00e3o todo o sistema por meio de suas previd\u00eancias complementares. Essa \u00e9 a pol\u00edtica do atual governo&#8221;. Achilles Frias, por fim, dirigiu seu discurso aos parlamentares, momento em que afirmou que &#8220;votar a favor da PEC 6 \u00e9 votar contra o povo, \u00e9 conden\u00e1-lo a trabalhar at\u00e9 morrer e sem qualquer direito. Os parlamentares que n\u00e3o votarem pelo povo n\u00e3o poder\u00e3o ser reeleitos&#8221;.<\/p>\n<p>Ao longo da fala, o diretor do SINPROFAZ abordou tamb\u00e9m a necessidade de uma reforma tribut\u00e1ria, haja vista que, hoje, o Brasil \u00e9 um verdadeiro &#8220;para\u00edso fiscal para os ricos&#8221;, que tributa mais o simples trabalhador do que o grande empres\u00e1rio ao incidir a tributa\u00e7\u00e3o primordialmente sobre o consumo, n\u00e3o sobre a renda. De acordo com Achilles Frias, a reforma tribut\u00e1ria que se discute, no entanto, n\u00e3o visa ao efetivo combate da injusti\u00e7a fiscal e da desigualdade social, pois tende, apenas, a simplificar tributos e a rediscutir o pacto federativo sob o aspecto fiscal. O PFN lembrou ainda que a PEC 6\/2019 traz dispositivo que veda os refinanciamentos conhecidos por Refis. &#8220;O que esperamos \u00e9 que esse dispositivo n\u00e3o seja retirado em um golpe para favorecer novamente os devedores contumazes.&#8221;<\/p>\n\n\t\t<style type=\"text\/css\">\n\t\t\t#gallery-1 {\n\t\t\t\tmargin: auto;\n\t\t\t}\n\t\t\t#gallery-1 .gallery-item {\n\t\t\t\tfloat: left;\n\t\t\t\tmargin-top: 10px;\n\t\t\t\ttext-align: center;\n\t\t\t\twidth: 33%;\n\t\t\t}\n\t\t\t#gallery-1 img {\n\t\t\t\tborder: 2px solid #cfcfcf;\n\t\t\t}\n\t\t\t#gallery-1 .gallery-caption {\n\t\t\t\tmargin-left: 0;\n\t\t\t}\n\t\t\t\/* see gallery_shortcode() in wp-includes\/media.php *\/\n\t\t<\/style>\n\t\t<div id='gallery-1' class='gallery galleryid-10135 gallery-columns-3 gallery-size-thumbnail'><dl class='gallery-item'>\n\t\t\t<dt class='gallery-icon landscape'>\n\t\t\t\t<a href='https:\/\/sinprofaz.org.br\/2024\/wp-content\/uploads\/2019\/08\/02.jpg'><img loading=\"lazy\" decoding=\"async\" width=\"150\" height=\"150\" src=\"https:\/\/sinprofaz.org.br\/2024\/wp-content\/uploads\/2019\/08\/02-150x150.jpg\" class=\"attachment-thumbnail size-thumbnail\" alt=\"\" \/><\/a>\n\t\t\t<\/dt><\/dl><dl class='gallery-item'>\n\t\t\t<dt class='gallery-icon landscape'>\n\t\t\t\t<a href='https:\/\/sinprofaz.org.br\/2024\/wp-content\/uploads\/2019\/08\/03.jpg'><img loading=\"lazy\" decoding=\"async\" width=\"150\" height=\"150\" src=\"https:\/\/sinprofaz.org.br\/2024\/wp-content\/uploads\/2019\/08\/03-150x150.jpg\" class=\"attachment-thumbnail size-thumbnail\" alt=\"\" \/><\/a>\n\t\t\t<\/dt><\/dl><dl class='gallery-item'>\n\t\t\t<dt class='gallery-icon landscape'>\n\t\t\t\t<a href='https:\/\/sinprofaz.org.br\/2024\/wp-content\/uploads\/2019\/08\/04.jpg'><img loading=\"lazy\" decoding=\"async\" width=\"150\" height=\"150\" src=\"https:\/\/sinprofaz.org.br\/2024\/wp-content\/uploads\/2019\/08\/04-150x150.jpg\" class=\"attachment-thumbnail size-thumbnail\" alt=\"\" \/><\/a>\n\t\t\t<\/dt><\/dl><br style=\"clear: both\" \/><dl class='gallery-item'>\n\t\t\t<dt class='gallery-icon landscape'>\n\t\t\t\t<a href='https:\/\/sinprofaz.org.br\/2024\/wp-content\/uploads\/2019\/08\/05.jpg'><img loading=\"lazy\" decoding=\"async\" width=\"150\" height=\"150\" src=\"https:\/\/sinprofaz.org.br\/2024\/wp-content\/uploads\/2019\/08\/05-150x150.jpg\" class=\"attachment-thumbnail size-thumbnail\" alt=\"\" \/><\/a>\n\t\t\t<\/dt><\/dl><dl class='gallery-item'>\n\t\t\t<dt class='gallery-icon landscape'>\n\t\t\t\t<a href='https:\/\/sinprofaz.org.br\/2024\/wp-content\/uploads\/2019\/08\/06.jpg'><img loading=\"lazy\" decoding=\"async\" width=\"150\" height=\"150\" src=\"https:\/\/sinprofaz.org.br\/2024\/wp-content\/uploads\/2019\/08\/06-150x150.jpg\" class=\"attachment-thumbnail size-thumbnail\" alt=\"\" \/><\/a>\n\t\t\t<\/dt><\/dl>\n\t\t\t<br style='clear: both' \/>\n\t\t<\/div>\n\n","protected":false},"excerpt":{"rendered":"<p>O SINPROFAZ participou hoje (5) de audi\u00eancia p\u00fablica realizada no Senado Federal pela Comiss\u00e3o de Direitos Humanos e Legisla\u00e7\u00e3o Participativa (CDH). A reuni\u00e3o faz parte de um ciclo de debates promovido para discutir as implica\u00e7\u00f5es da reforma.<\/p>\n","protected":false},"author":2,"featured_media":10136,"comment_status":"open","ping_status":"open","sticky":false,"template":"","format":"standard","meta":{"footnotes":""},"categories":[8],"tags":[77,53,25],"featured_image_url":"https:\/\/sinprofaz.org.br\/2024\/wp-content\/uploads\/2019\/08\/01-1.jpg","character_count":1756,"formatted_date":"05\/08\/2019 - 15:31","contentNovo":"O SINPROFAZ, representado por seu diretor, o procurador da Fazenda Nacional Achilles Frias, participou hoje (5) de audi\u00eancia p\u00fablica realizada no Senado Federal pela Comiss\u00e3o de Direitos Humanos e Legisla\u00e7\u00e3o Participativa (CDH). A reuni\u00e3o faz parte de um ciclo de debates promovido pela Comiss\u00e3o para discutir as implica\u00e7\u00f5es da reforma da Previd\u00eancia (PEC 6\/2019) sobre as v\u00e1rias categorias de trabalhadores, aposentados, pensionistas e benefici\u00e1rios do INSS. Amanh\u00e3 (6) deve ocorrer a vota\u00e7\u00e3o da PEC em segundo turno na C\u00e2mara dos Deputados. A audi\u00eancia p\u00fablica foi comandada por Paulo Paim (PT\/RS), presidente da CDH, e contou com a participa\u00e7\u00e3o do senador Styvenson Valentim (Podemos\/RN).\r\n\r\nAo iniciar a exposi\u00e7\u00e3o, Achilles Frias destacou que, juntamente com outras carreiras, os procuradores da Fazenda Nacional t\u00eam a miss\u00e3o de combater a sonega\u00e7\u00e3o fiscal. Para que consiga fazer frente aos grandes sogadores, no entanto, a Procuradoria da Fazenda Nacional carece de aparelhamento. \"O Soneg\u00f4metro registrou, no ano passado, o volume elevad\u00edssimo de R$626,8 bilh\u00f5es sonegados no Brasil \u2013 valor proveniente, sobretudo, do grande capital, que tem mecanismos sofisticados para fazer esse tipo de desvio. Esse volume bilion\u00e1rio demonstra que, em apenas dois anos de efetivo combate \u00e0 sonega\u00e7\u00e3o, o preju\u00edzo evitado seria equivalente \u00e0 economia prometida ao longo de uma d\u00e9cada pela pretendida reforma da Previd\u00eancia\", comparou. \r\n\r\nSegundo o diretor do SINPROFAZ, a PEC 6\/2019 n\u00e3o visa \u00e0 reforma, mas sim \u00e0 extin\u00e7\u00e3o da Previd\u00eancia Social que, de t\u00e3o desinteressante, perder\u00e1 seu nicho para o mercado financeiro: \"O trabalhador, mais uma vez, pagar\u00e1 a conta. Ele, que j\u00e1 \u00e9 secularmente injusti\u00e7ado, voltar\u00e1 a ser miser\u00e1vel. O assalariado n\u00e3o conseguir\u00e1 se aposentar pelo regime geral e os bancos abocanhar\u00e3o todo o sistema por meio de suas previd\u00eancias complementares. Essa \u00e9 a pol\u00edtica do atual governo\". Achilles Frias, por fim, dirigiu seu discurso aos parlamentares, momento em que afirmou que \"votar a favor da PEC 6 \u00e9 votar contra o povo, \u00e9 conden\u00e1-lo a trabalhar at\u00e9 morrer e sem qualquer direito. Os parlamentares que n\u00e3o votarem pelo povo n\u00e3o poder\u00e3o ser reeleitos\".\r\n\r\nAo longo da fala, o diretor do SINPROFAZ abordou tamb\u00e9m a necessidade de uma reforma tribut\u00e1ria, haja vista que, hoje, o Brasil \u00e9 um verdadeiro \"para\u00edso fiscal para os ricos\", que tributa mais o simples trabalhador do que o grande empres\u00e1rio ao incidir a tributa\u00e7\u00e3o primordialmente sobre o consumo, n\u00e3o sobre a renda. De acordo com Achilles Frias, a reforma tribut\u00e1ria que se discute, no entanto, n\u00e3o visa ao efetivo combate da injusti\u00e7a fiscal e da desigualdade social, pois tende, apenas, a simplificar tributos e a rediscutir o pacto federativo sob o aspecto fiscal. O PFN lembrou ainda que a PEC 6\/2019 traz dispositivo que veda os refinanciamentos conhecidos por Refis. \"O que esperamos \u00e9 que esse dispositivo n\u00e3o seja retirado em um golpe para favorecer novamente os devedores contumazes.\"\r\n\r\n[gallery link=\"file\" ids=\"10137,10138,10139,10140,10141\"]","_links":{"self":[{"href":"https:\/\/sinprofaz.org.br\/2024\/wp-json\/wp\/v2\/posts\/10135"}],"collection":[{"href":"https:\/\/sinprofaz.org.br\/2024\/wp-json\/wp\/v2\/posts"}],"about":[{"href":"https:\/\/sinprofaz.org.br\/2024\/wp-json\/wp\/v2\/types\/post"}],"author":[{"embeddable":true,"href":"https:\/\/sinprofaz.org.br\/2024\/wp-json\/wp\/v2\/users\/2"}],"replies":[{"embeddable":true,"href":"https:\/\/sinprofaz.org.br\/2024\/wp-json\/wp\/v2\/comments?post=10135"}],"version-history":[{"count":2,"href":"https:\/\/sinprofaz.org.br\/2024\/wp-json\/wp\/v2\/posts\/10135\/revisions"}],"predecessor-version":[{"id":10151,"href":"https:\/\/sinprofaz.org.br\/2024\/wp-json\/wp\/v2\/posts\/10135\/revisions\/10151"}],"wp:featuredmedia":[{"embeddable":true,"href":"https:\/\/sinprofaz.org.br\/2024\/wp-json\/wp\/v2\/media\/10136"}],"wp:attachment":[{"href":"https:\/\/sinprofaz.org.br\/2024\/wp-json\/wp\/v2\/media?parent=10135"}],"wp:term":[{"taxonomy":"category","embeddable":true,"href":"https:\/\/sinprofaz.org.br\/2024\/wp-json\/wp\/v2\/categories?post=10135"},{"taxonomy":"post_tag","embeddable":true,"href":"https:\/\/sinprofaz.org.br\/2024\/wp-json\/wp\/v2\/tags?post=10135"}],"curies":[{"name":"wp","href":"https:\/\/api.w.org\/{rel}","templated":true}]}}