{"id":10128,"date":"2019-08-05T08:59:12","date_gmt":"2019-08-05T11:59:12","guid":{"rendered":"http:\/\/www.sinprofaz.org.br\/?p=10128"},"modified":"2019-08-05T16:23:18","modified_gmt":"2019-08-05T19:23:18","slug":"sinprofaz-participa-de-audiencia-publica-no-senado-nesta-segunda-feira","status":"publish","type":"post","link":"https:\/\/sinprofaz.org.br\/2024\/noticias\/sinprofaz-participa-de-audiencia-publica-no-senado-nesta-segunda-feira\/","title":{"rendered":"SINPROFAZ PARTICIPA DE AUDI\u00caNCIA P\u00daBLICA NO SENADO NESTA SEGUNDA-FEIRA"},"content":{"rendered":"<p>Representantes do governo e de entidades da sociedade civil, entre as quais o SINPROFAZ, debatem hoje (5), a partir das 9h, no Senado Federal, a proposta de reforma da Previd\u00eancia. O diretor Achilles Frias representar\u00e1 o Sindicato na audi\u00eancia p\u00fablica, a qual faz parte de um ciclo de debates promovido pela Comiss\u00e3o de Direitos Humanos (CDH) a respeito das implica\u00e7\u00f5es da reforma sobre as v\u00e1rias categorias de trabalhadores, aposentados, pensionistas e benefici\u00e1rios do Instituto Nacional de Seguridade Social (INSS).<\/p>\n<p>O debate desta segunda-feira ganha ainda mais import\u00e2ncia pois antecede a vota\u00e7\u00e3o da PEC 6\/2019, relativa \u00e0 reforma em quest\u00e3o. A vota\u00e7\u00e3o da proposta em segundo turno na C\u00e2mara dos Deputados deve ocorrer amanh\u00e3. A audi\u00eancia p\u00fablica ter\u00e1 a possibilidade de participa\u00e7\u00e3o popular em tempo real: aqueles que tiverem interesse em fazer coment\u00e1rios ou perguntas devem acessar <a href=\"http:\/\/www.senado.leg.br\/ecidadania\" target=\"_blank\" rel=\"noopener\">www.senado.leg.br\/ecidadania<\/a> ou contatar o Al\u00f4 Senado (0800612211).<\/p>\n<p><em>Com informa\u00e7\u00f5es do <a href=\"https:\/\/www12.senado.leg.br\/noticias\/materias\/2019\/08\/02\/governo-e-representantes-de-sindicatos-debatem-previdencia-e-trabalho-na-cdh\" target=\"_blank\" rel=\"noopener\">Senado Not\u00edcias<\/a>.<\/em><\/p>\n","protected":false},"excerpt":{"rendered":"<p>Representantes do governo e de entidades da sociedade civil, entre as quais o SINPROFAZ, debatem hoje a proposta de reforma da Previd\u00eancia. A audi\u00eancia faz parte de um ciclo de debates promovido pela Comiss\u00e3o de Direitos Humanos (CDH) do Senado Federal.<\/p>\n","protected":false},"author":2,"featured_media":10144,"comment_status":"open","ping_status":"open","sticky":false,"template":"","format":"standard","meta":{"footnotes":""},"categories":[8],"tags":[146,77,53,25],"featured_image_url":"https:\/\/sinprofaz.org.br\/2024\/wp-content\/uploads\/2019\/08\/senado-noticias.png","character_count":511,"formatted_date":"05\/08\/2019 - 08:59","contentNovo":"Representantes do governo e de entidades da sociedade civil, entre as quais o SINPROFAZ, debatem hoje (5), a partir das 9h, no Senado Federal, a proposta de reforma da Previd\u00eancia. O diretor Achilles Frias representar\u00e1 o Sindicato na audi\u00eancia p\u00fablica, a qual faz parte de um ciclo de debates promovido pela Comiss\u00e3o de Direitos Humanos (CDH) a respeito das implica\u00e7\u00f5es da reforma sobre as v\u00e1rias categorias de trabalhadores, aposentados, pensionistas e benefici\u00e1rios do Instituto Nacional de Seguridade Social (INSS).\r\n\r\nO debate desta segunda-feira ganha ainda mais import\u00e2ncia pois antecede a vota\u00e7\u00e3o da PEC 6\/2019, relativa \u00e0 reforma em quest\u00e3o. A vota\u00e7\u00e3o da proposta em segundo turno na C\u00e2mara dos Deputados deve ocorrer amanh\u00e3. A audi\u00eancia p\u00fablica ter\u00e1 a possibilidade de participa\u00e7\u00e3o popular em tempo real: aqueles que tiverem interesse em fazer coment\u00e1rios ou perguntas devem acessar <a href=\"http:\/\/www.senado.leg.br\/ecidadania\" target=\"_blank\" rel=\"noopener\">www.senado.leg.br\/ecidadania<\/a> ou contatar o Al\u00f4 Senado (0800612211).\r\n\r\n<em>Com informa\u00e7\u00f5es do <a href=\"https:\/\/www12.senado.leg.br\/noticias\/materias\/2019\/08\/02\/governo-e-representantes-de-sindicatos-debatem-previdencia-e-trabalho-na-cdh\" target=\"_blank\" rel=\"noopener\">Senado Not\u00edcias<\/a>.<\/em>","_links":{"self":[{"href":"https:\/\/sinprofaz.org.br\/2024\/wp-json\/wp\/v2\/posts\/10128"}],"collection":[{"href":"https:\/\/sinprofaz.org.br\/2024\/wp-json\/wp\/v2\/posts"}],"about":[{"href":"https:\/\/sinprofaz.org.br\/2024\/wp-json\/wp\/v2\/types\/post"}],"author":[{"embeddable":true,"href":"https:\/\/sinprofaz.org.br\/2024\/wp-json\/wp\/v2\/users\/2"}],"replies":[{"embeddable":true,"href":"https:\/\/sinprofaz.org.br\/2024\/wp-json\/wp\/v2\/comments?post=10128"}],"version-history":[{"count":5,"href":"https:\/\/sinprofaz.org.br\/2024\/wp-json\/wp\/v2\/posts\/10128\/revisions"}],"predecessor-version":[{"id":10145,"href":"https:\/\/sinprofaz.org.br\/2024\/wp-json\/wp\/v2\/posts\/10128\/revisions\/10145"}],"wp:featuredmedia":[{"embeddable":true,"href":"https:\/\/sinprofaz.org.br\/2024\/wp-json\/wp\/v2\/media\/10144"}],"wp:attachment":[{"href":"https:\/\/sinprofaz.org.br\/2024\/wp-json\/wp\/v2\/media?parent=10128"}],"wp:term":[{"taxonomy":"category","embeddable":true,"href":"https:\/\/sinprofaz.org.br\/2024\/wp-json\/wp\/v2\/categories?post=10128"},{"taxonomy":"post_tag","embeddable":true,"href":"https:\/\/sinprofaz.org.br\/2024\/wp-json\/wp\/v2\/tags?post=10128"}],"curies":[{"name":"wp","href":"https:\/\/api.w.org\/{rel}","templated":true}]}}