{"id":10119,"date":"2019-08-02T10:52:44","date_gmt":"2019-08-02T13:52:44","guid":{"rendered":"http:\/\/www.sinprofaz.org.br\/?p=10119"},"modified":"2019-08-05T15:37:51","modified_gmt":"2019-08-05T18:37:51","slug":"para-ex-presidente-defesa-da-justica-fiscal-e-da-democracia-e-missao-sindical","status":"publish","type":"post","link":"https:\/\/sinprofaz.org.br\/2024\/noticias\/para-ex-presidente-defesa-da-justica-fiscal-e-da-democracia-e-missao-sindical\/","title":{"rendered":"PARA EX-PRESIDENTE, DEFESA DA JUSTI\u00c7A FISCAL E DA DEMOCRACIA \u00c9 MISS\u00c3O SINDICAL"},"content":{"rendered":"<p>O cen\u00e1rio desafiador que se apresenta no pa\u00eds exige, por parte do Sindicato, a defesa dos interesses da Carreira e a prote\u00e7\u00e3o da pr\u00f3pria sociedade. \u00c9 o que afirma o ex-presidente do SINPROFAZ Her\u00e1clio Camargo que, em entrevista na ocasi\u00e3o da Cerim\u00f4nia de Posse da Diretoria, manifestou confian\u00e7a na nova gest\u00e3o e no cumprimento de tais responsabilidades.<\/p>\n<p>&#8220;Considero a posse de Ernane Brito um momento muito importante para dar sequ\u00eancia ao ritmo magn\u00edfico imposto pelo presidente Achilles Frias nos dois \u00faltimos mandatos. O SINPROFAZ precisa continuar liderando a Advocacia P\u00fablica brasileira em defesa da justi\u00e7a fiscal e para prote\u00e7\u00e3o do Estado Democr\u00e1tico de Direito neste momento grave da vida nacional.&#8221;<\/p>\n<p>Confira a entrevista completa: <a href=\"http:\/\/bit.ly\/2YluPp6\" target=\"_blank\" rel=\"noopener\">bit.ly\/2YluPp6<\/a><\/p>\n","protected":false},"excerpt":{"rendered":"<p>Cen\u00e1rio desafiador que se apresenta no pa\u00eds exige, por parte do Sindicato, a defesa dos interesses da Carreira e a prote\u00e7\u00e3o da pr\u00f3pria sociedade. Foi o que afirmou, em entrevista, o ex-presidente do SINPROFAZ Her\u00e1clio Camargo.<\/p>\n","protected":false},"author":2,"featured_media":10120,"comment_status":"open","ping_status":"open","sticky":false,"template":"","format":"standard","meta":{"footnotes":""},"categories":[8],"tags":[32,27,25],"featured_image_url":"https:\/\/sinprofaz.org.br\/2024\/wp-content\/uploads\/2019\/08\/01.jpg","character_count":393,"formatted_date":"02\/08\/2019 - 10:52","contentNovo":"O cen\u00e1rio desafiador que se apresenta no pa\u00eds exige, por parte do Sindicato, a defesa dos interesses da Carreira e a prote\u00e7\u00e3o da pr\u00f3pria sociedade. \u00c9 o que afirma o ex-presidente do SINPROFAZ Her\u00e1clio Camargo que, em entrevista na ocasi\u00e3o da Cerim\u00f4nia de Posse da Diretoria, manifestou confian\u00e7a na nova gest\u00e3o e no cumprimento de tais responsabilidades.\r\n\r\n\"Considero a posse de Ernane Brito um momento muito importante para dar sequ\u00eancia ao ritmo magn\u00edfico imposto pelo presidente Achilles Frias nos dois \u00faltimos mandatos. O SINPROFAZ precisa continuar liderando a Advocacia P\u00fablica brasileira em defesa da justi\u00e7a fiscal e para prote\u00e7\u00e3o do Estado Democr\u00e1tico de Direito neste momento grave da vida nacional.\"\r\n\r\nConfira a entrevista completa: <a href=\"http:\/\/bit.ly\/2YluPp6\" target=\"_blank\" rel=\"noopener\">bit.ly\/2YluPp6<\/a>","_links":{"self":[{"href":"https:\/\/sinprofaz.org.br\/2024\/wp-json\/wp\/v2\/posts\/10119"}],"collection":[{"href":"https:\/\/sinprofaz.org.br\/2024\/wp-json\/wp\/v2\/posts"}],"about":[{"href":"https:\/\/sinprofaz.org.br\/2024\/wp-json\/wp\/v2\/types\/post"}],"author":[{"embeddable":true,"href":"https:\/\/sinprofaz.org.br\/2024\/wp-json\/wp\/v2\/users\/2"}],"replies":[{"embeddable":true,"href":"https:\/\/sinprofaz.org.br\/2024\/wp-json\/wp\/v2\/comments?post=10119"}],"version-history":[{"count":2,"href":"https:\/\/sinprofaz.org.br\/2024\/wp-json\/wp\/v2\/posts\/10119\/revisions"}],"predecessor-version":[{"id":10143,"href":"https:\/\/sinprofaz.org.br\/2024\/wp-json\/wp\/v2\/posts\/10119\/revisions\/10143"}],"wp:featuredmedia":[{"embeddable":true,"href":"https:\/\/sinprofaz.org.br\/2024\/wp-json\/wp\/v2\/media\/10120"}],"wp:attachment":[{"href":"https:\/\/sinprofaz.org.br\/2024\/wp-json\/wp\/v2\/media?parent=10119"}],"wp:term":[{"taxonomy":"category","embeddable":true,"href":"https:\/\/sinprofaz.org.br\/2024\/wp-json\/wp\/v2\/categories?post=10119"},{"taxonomy":"post_tag","embeddable":true,"href":"https:\/\/sinprofaz.org.br\/2024\/wp-json\/wp\/v2\/tags?post=10119"}],"curies":[{"name":"wp","href":"https:\/\/api.w.org\/{rel}","templated":true}]}}