{"id":10072,"date":"2019-07-25T08:43:49","date_gmt":"2019-07-25T11:43:49","guid":{"rendered":"http:\/\/www.sinprofaz.org.br\/?p=10072"},"modified":"2019-07-25T16:18:47","modified_gmt":"2019-07-25T19:18:47","slug":"em-solenidade-de-posse-achilles-frias-se-despede-da-presidencia-do-sinprofaz","status":"publish","type":"post","link":"https:\/\/sinprofaz.org.br\/2024\/noticias\/em-solenidade-de-posse-achilles-frias-se-despede-da-presidencia-do-sinprofaz\/","title":{"rendered":"EM SOLENIDADE DE POSSE, ACHILLES FRIAS SE DESPEDE DA PRESID\u00caNCIA DO SINPROFAZ"},"content":{"rendered":"<p>Em solenidade no dia 2 de julho, tomou posse em Bras\u00edlia\/DF a Diretoria do SINPROFAZ eleita para o bi\u00eanio 2019\/2021. A cerim\u00f4nia marcou a despedida de Achilles Frias da presid\u00eancia do Sindicato, posto que ocupou por duas gest\u00f5es. Em discurso aos presentes, o ex-presidente e atual diretor-administrativo fez uma retrospetiva dos \u00faltimos quatro anos, rememorando as lutas empreendidas durante esse per\u00edodo intenso do ponto de vista micro, da Advocacia P\u00fablica Federal, e no aspecto macro, haja vista a turbul\u00eancia pol\u00edtica e econ\u00f4mica nacional. Achilles Frias tamb\u00e9m agradeceu \u00e0queles que estiveram ao seu lado durante a presid\u00eancia do Sindicato.<\/p>\n<p>&#8220;Agrade\u00e7o \u00e0 Diretoria pela lealdade, companheirismo e amizade; \u00e0s \u00faltimas e atuais gest\u00f5es da PGFN e da AGU pelo di\u00e1logo e saud\u00e1vel conv\u00edvio democr\u00e1tico; aos colaboradores diretos e indiretos do SINPROFAZ pela dedica\u00e7\u00e3o, de modo a fazer desta pequena entidade um gigante institucional; ainda, a todos os que nos criticaram e que permitiram nosso crescimento e, portanto, tamb\u00e9m fizeram parte das conquistas; e, por fim, mas principalmente, a todos os procuradores da Fazenda Nacional que nos escolheram seus representantes e, assim, permitiram que vivenci\u00e1ssemos intensamente essa jornada. O sentimento maior ao fim desse ciclo \u00e9 o de externar nosso mais sincero agradecimento: Muito obrigado!&#8221;<\/p>\n<p>Juntamente com o ex-presidente e atual diretor-administrativo, Achilles Frias, compuseram a mesa da Cerim\u00f4nia de Posse o presidente eleito, Ernane Brito; o advogado-geral da Uni\u00e3o, Andr\u00e9 Mendon\u00e7a; o procurador-geral da Fazenda Nacional, Jos\u00e9 Levi; o deputado federal filiado, Tadeu Alencar; o PFN filiado e titular da Secretaria Nacional de Prote\u00e7\u00e3o Global do Minist\u00e9rio da Mulher, da Fam\u00edlia e dos Direitos Humanos, S\u00e9rgio Queiroz; o advogado do FORVM, ex-AGU e ex-ministro da Justi\u00e7a, Jos\u00e9 Eduardo Cardozo; e o presidente da Comiss\u00e3o Nacional de Advocacia P\u00fablica do CFOAB, Marcello Terto.<\/p>\n<p>Assista \u00e0 \u00edntegra do discurso do diretor Achilles Frias: <a href=\"https:\/\/youtu.be\/bP6NZMorpno\" rel=\"noopener\" target=\"_blank\">youtu.be\/bP6NZMorpno<\/a><\/p>\n","protected":false},"excerpt":{"rendered":"<p>Em solenidade no dia 2 de julho, tomou posse a Diretoria do SINPROFAZ eleita para o bi\u00eanio 2019\/2021. A cerim\u00f4nia marcou a despedida de Achilles Frias da presid\u00eancia do Sindicato, posto que ocupou por duas gest\u00f5es. Confira o discurso.<\/p>\n","protected":false},"author":2,"featured_media":10073,"comment_status":"open","ping_status":"open","sticky":false,"template":"","format":"standard","meta":{"footnotes":""},"categories":[8],"tags":[27,25],"featured_image_url":"https:\/\/sinprofaz.org.br\/2024\/wp-content\/uploads\/2019\/07\/01-21.jpg","character_count":1034,"formatted_date":"25\/07\/2019 - 08:43","contentNovo":"Em solenidade no dia 2 de julho, tomou posse em Bras\u00edlia\/DF a Diretoria do SINPROFAZ eleita para o bi\u00eanio 2019\/2021. A cerim\u00f4nia marcou a despedida de Achilles Frias da presid\u00eancia do Sindicato, posto que ocupou por duas gest\u00f5es. Em discurso aos presentes, o ex-presidente e atual diretor-administrativo fez uma retrospetiva dos \u00faltimos quatro anos, rememorando as lutas empreendidas durante esse per\u00edodo intenso do ponto de vista micro, da Advocacia P\u00fablica Federal, e no aspecto macro, haja vista a turbul\u00eancia pol\u00edtica e econ\u00f4mica nacional. Achilles Frias tamb\u00e9m agradeceu \u00e0queles que estiveram ao seu lado durante a presid\u00eancia do Sindicato.\r\n\r\n\"Agrade\u00e7o \u00e0 Diretoria pela lealdade, companheirismo e amizade; \u00e0s \u00faltimas e atuais gest\u00f5es da PGFN e da AGU pelo di\u00e1logo e saud\u00e1vel conv\u00edvio democr\u00e1tico; aos colaboradores diretos e indiretos do SINPROFAZ pela dedica\u00e7\u00e3o, de modo a fazer desta pequena entidade um gigante institucional; ainda, a todos os que nos criticaram e que permitiram nosso crescimento e, portanto, tamb\u00e9m fizeram parte das conquistas; e, por fim, mas principalmente, a todos os procuradores da Fazenda Nacional que nos escolheram seus representantes e, assim, permitiram que vivenci\u00e1ssemos intensamente essa jornada. O sentimento maior ao fim desse ciclo \u00e9 o de externar nosso mais sincero agradecimento: Muito obrigado!\"\r\n\r\nJuntamente com o ex-presidente e atual diretor-administrativo, Achilles Frias, compuseram a mesa da Cerim\u00f4nia de Posse o presidente eleito, Ernane Brito; o advogado-geral da Uni\u00e3o, Andr\u00e9 Mendon\u00e7a; o procurador-geral da Fazenda Nacional, Jos\u00e9 Levi; o deputado federal filiado, Tadeu Alencar; o PFN filiado e titular da Secretaria Nacional de Prote\u00e7\u00e3o Global do Minist\u00e9rio da Mulher, da Fam\u00edlia e dos Direitos Humanos, S\u00e9rgio Queiroz; o advogado do FORVM, ex-AGU e ex-ministro da Justi\u00e7a, Jos\u00e9 Eduardo Cardozo; e o presidente da Comiss\u00e3o Nacional de Advocacia P\u00fablica do CFOAB, Marcello Terto.\r\n\r\nAssista \u00e0 \u00edntegra do discurso do diretor Achilles Frias: <a href=\"https:\/\/youtu.be\/bP6NZMorpno\" rel=\"noopener\" target=\"_blank\">youtu.be\/bP6NZMorpno<\/a>","_links":{"self":[{"href":"https:\/\/sinprofaz.org.br\/2024\/wp-json\/wp\/v2\/posts\/10072"}],"collection":[{"href":"https:\/\/sinprofaz.org.br\/2024\/wp-json\/wp\/v2\/posts"}],"about":[{"href":"https:\/\/sinprofaz.org.br\/2024\/wp-json\/wp\/v2\/types\/post"}],"author":[{"embeddable":true,"href":"https:\/\/sinprofaz.org.br\/2024\/wp-json\/wp\/v2\/users\/2"}],"replies":[{"embeddable":true,"href":"https:\/\/sinprofaz.org.br\/2024\/wp-json\/wp\/v2\/comments?post=10072"}],"version-history":[{"count":2,"href":"https:\/\/sinprofaz.org.br\/2024\/wp-json\/wp\/v2\/posts\/10072\/revisions"}],"predecessor-version":[{"id":10078,"href":"https:\/\/sinprofaz.org.br\/2024\/wp-json\/wp\/v2\/posts\/10072\/revisions\/10078"}],"wp:featuredmedia":[{"embeddable":true,"href":"https:\/\/sinprofaz.org.br\/2024\/wp-json\/wp\/v2\/media\/10073"}],"wp:attachment":[{"href":"https:\/\/sinprofaz.org.br\/2024\/wp-json\/wp\/v2\/media?parent=10072"}],"wp:term":[{"taxonomy":"category","embeddable":true,"href":"https:\/\/sinprofaz.org.br\/2024\/wp-json\/wp\/v2\/categories?post=10072"},{"taxonomy":"post_tag","embeddable":true,"href":"https:\/\/sinprofaz.org.br\/2024\/wp-json\/wp\/v2\/tags?post=10072"}],"curies":[{"name":"wp","href":"https:\/\/api.w.org\/{rel}","templated":true}]}}