{"id":10053,"date":"2019-07-19T16:00:15","date_gmt":"2019-07-19T19:00:15","guid":{"rendered":"http:\/\/www.sinprofaz.org.br\/?p=10053"},"modified":"2019-07-19T10:21:32","modified_gmt":"2019-07-19T13:21:32","slug":"secretaria-geral-da-anajur-destaca-importancia-da-retomada-do-forvm","status":"publish","type":"post","link":"https:\/\/sinprofaz.org.br\/2024\/noticias\/secretaria-geral-da-anajur-destaca-importancia-da-retomada-do-forvm\/","title":{"rendered":"SECRET\u00c1RIA-GERAL DA ANAJUR DESTACA IMPORT\u00c2NCIA DA RETOMADA DO FORVM"},"content":{"rendered":"<p>No 18\u00ba Encontro do SINPROFAZ, a ANAJUR foi representada por Tha\u00eds P\u00e1ssaro, secret\u00e1ria-geral da Associa\u00e7\u00e3o. Segundo ela, s\u00e3o grandes os desafios que se avizinham para as carreiras da AGU. Tendo isso em vista, a retomada do F\u00f3rum Nacional da Advocacia P\u00fablica Federal foi um marco: por meio dele, as entidades se anteciparam ao cen\u00e1rio no novo governo.<\/p>\n<p>&#8220;A import\u00e2ncia do FORVM est\u00e1 na converg\u00eancia que parte das quatro carreiras da AGU. Do ponto de vista institucional, isso fortalece o trabalho da Advocacia P\u00fablica Federal. O FORVM vem trabalhando de forma muito atuante em v\u00e1rios segmentos de interesse da sociedade e dos membros das carreiras. Tenho certeza que, neste ano, o papel do FORVM ser\u00e1 decisivo.&#8221;<\/p>\n<p>Confira: <a href=\"http:\/\/bit.ly\/2IWLyIT\" rel=\"noopener\" target=\"_blank\">bit.ly\/2IWLyIT<\/a><\/p>\n","protected":false},"excerpt":{"rendered":"<p>No 18\u00ba Encontro do SINPROFAZ, a ANAJUR foi representada por Tha\u00eds P\u00e1ssaro. Segundo ela, s\u00e3o grandes os desafios que se avizinham para as carreiras da AGU. A retomada do FORVM possibilitou, portanto, que as entidades se antecipassem ao cen\u00e1rio no novo governo.<\/p>\n","protected":false},"author":2,"featured_media":10054,"comment_status":"open","ping_status":"open","sticky":false,"template":"","format":"standard","meta":{"footnotes":""},"categories":[8],"tags":[32,62,25],"featured_image_url":"https:\/\/sinprofaz.org.br\/2024\/wp-content\/uploads\/2019\/07\/01-17.jpg","character_count":381,"formatted_date":"19\/07\/2019 - 16:00","contentNovo":"No 18\u00ba Encontro do SINPROFAZ, a ANAJUR foi representada por Tha\u00eds P\u00e1ssaro, secret\u00e1ria-geral da Associa\u00e7\u00e3o. Segundo ela, s\u00e3o grandes os desafios que se avizinham para as carreiras da AGU. Tendo isso em vista, a retomada do F\u00f3rum Nacional da Advocacia P\u00fablica Federal foi um marco: por meio dele, as entidades se anteciparam ao cen\u00e1rio no novo governo.\r\n\r\n\"A import\u00e2ncia do FORVM est\u00e1 na converg\u00eancia que parte das quatro carreiras da AGU. Do ponto de vista institucional, isso fortalece o trabalho da Advocacia P\u00fablica Federal. O FORVM vem trabalhando de forma muito atuante em v\u00e1rios segmentos de interesse da sociedade e dos membros das carreiras. Tenho certeza que, neste ano, o papel do FORVM ser\u00e1 decisivo.\"\r\n\r\nConfira: <a href=\"http:\/\/bit.ly\/2IWLyIT\" rel=\"noopener\" target=\"_blank\">bit.ly\/2IWLyIT<\/a>","_links":{"self":[{"href":"https:\/\/sinprofaz.org.br\/2024\/wp-json\/wp\/v2\/posts\/10053"}],"collection":[{"href":"https:\/\/sinprofaz.org.br\/2024\/wp-json\/wp\/v2\/posts"}],"about":[{"href":"https:\/\/sinprofaz.org.br\/2024\/wp-json\/wp\/v2\/types\/post"}],"author":[{"embeddable":true,"href":"https:\/\/sinprofaz.org.br\/2024\/wp-json\/wp\/v2\/users\/2"}],"replies":[{"embeddable":true,"href":"https:\/\/sinprofaz.org.br\/2024\/wp-json\/wp\/v2\/comments?post=10053"}],"version-history":[{"count":1,"href":"https:\/\/sinprofaz.org.br\/2024\/wp-json\/wp\/v2\/posts\/10053\/revisions"}],"predecessor-version":[{"id":10055,"href":"https:\/\/sinprofaz.org.br\/2024\/wp-json\/wp\/v2\/posts\/10053\/revisions\/10055"}],"wp:featuredmedia":[{"embeddable":true,"href":"https:\/\/sinprofaz.org.br\/2024\/wp-json\/wp\/v2\/media\/10054"}],"wp:attachment":[{"href":"https:\/\/sinprofaz.org.br\/2024\/wp-json\/wp\/v2\/media?parent=10053"}],"wp:term":[{"taxonomy":"category","embeddable":true,"href":"https:\/\/sinprofaz.org.br\/2024\/wp-json\/wp\/v2\/categories?post=10053"},{"taxonomy":"post_tag","embeddable":true,"href":"https:\/\/sinprofaz.org.br\/2024\/wp-json\/wp\/v2\/tags?post=10053"}],"curies":[{"name":"wp","href":"https:\/\/api.w.org\/{rel}","templated":true}]}}