{"id":10043,"date":"2019-07-18T16:00:14","date_gmt":"2019-07-18T19:00:14","guid":{"rendered":"http:\/\/www.sinprofaz.org.br\/?p=10043"},"modified":"2019-07-18T15:46:30","modified_gmt":"2019-07-18T18:46:30","slug":"entidades-do-forvm-discutem-defesa-de-prerrogativa-das-carreiras","status":"publish","type":"post","link":"https:\/\/sinprofaz.org.br\/2024\/noticias\/entidades-do-forvm-discutem-defesa-de-prerrogativa-das-carreiras\/","title":{"rendered":"ENTIDADES DO FORVM DISCUTEM DEFESA DE PRERROGATIVA DAS CARREIRAS"},"content":{"rendered":"<p>O SINPROFAZ, representado pelo diretor Achilles Frias e pelo presidente Ernane Brito, esteve reunido com as entidades que comp\u00f5em o F\u00f3rum Nacional da Advocacia P\u00fablica Federal. Al\u00e9m dos dirigentes do Sindicato, o encontro contou com a presen\u00e7a de representantes da ANAJUR e da ANAUNI. <\/p>\n<p>Ao longo da reuni\u00e3o, que ocorreu em Bras\u00edlia\/DF na quarta-feira (17), discutiram-se temas pertinentes aos Membros da AGU, entre os quais a reforma administrativa. Outros assuntos, como a defesa judicial de prerrogativa da Carreira, tamb\u00e9m foram abordados.<\/p>\n\n\t\t<style type=\"text\/css\">\n\t\t\t#gallery-1 {\n\t\t\t\tmargin: auto;\n\t\t\t}\n\t\t\t#gallery-1 .gallery-item {\n\t\t\t\tfloat: left;\n\t\t\t\tmargin-top: 10px;\n\t\t\t\ttext-align: center;\n\t\t\t\twidth: 33%;\n\t\t\t}\n\t\t\t#gallery-1 img {\n\t\t\t\tborder: 2px solid #cfcfcf;\n\t\t\t}\n\t\t\t#gallery-1 .gallery-caption {\n\t\t\t\tmargin-left: 0;\n\t\t\t}\n\t\t\t\/* see gallery_shortcode() in wp-includes\/media.php *\/\n\t\t<\/style>\n\t\t<div id='gallery-1' class='gallery galleryid-10043 gallery-columns-3 gallery-size-thumbnail'><dl class='gallery-item'>\n\t\t\t<dt class='gallery-icon landscape'>\n\t\t\t\t<a href='https:\/\/sinprofaz.org.br\/2024\/wp-content\/uploads\/2019\/07\/02-15.jpg'><img loading=\"lazy\" decoding=\"async\" width=\"150\" height=\"150\" src=\"https:\/\/sinprofaz.org.br\/2024\/wp-content\/uploads\/2019\/07\/02-15-150x150.jpg\" class=\"attachment-thumbnail size-thumbnail\" alt=\"\" \/><\/a>\n\t\t\t<\/dt><\/dl>\n\t\t\t<br style='clear: both' \/>\n\t\t<\/div>\n\n","protected":false},"excerpt":{"rendered":"<p>O SINPROFAZ, representado por Achilles Frias e Ernane Brito, esteve reunido com as entidades que comp\u00f5em o F\u00f3rum Nacional da Advocacia P\u00fablica Federal. Al\u00e9m dos dirigentes do Sindicato, o encontro contou com a presen\u00e7a de representantes de ANAJUR e ANAUNI.<\/p>\n","protected":false},"author":2,"featured_media":10044,"comment_status":"open","ping_status":"open","sticky":false,"template":"","format":"standard","meta":{"footnotes":""},"categories":[8],"tags":[32,137,25],"featured_image_url":"https:\/\/sinprofaz.org.br\/2024\/wp-content\/uploads\/2019\/07\/01-15.jpg","character_count":453,"formatted_date":"18\/07\/2019 - 16:00","contentNovo":"O SINPROFAZ, representado pelo diretor Achilles Frias e pelo presidente Ernane Brito, esteve reunido com as entidades que comp\u00f5em o F\u00f3rum Nacional da Advocacia P\u00fablica Federal. Al\u00e9m dos dirigentes do Sindicato, o encontro contou com a presen\u00e7a de representantes da ANAJUR e da ANAUNI. \r\n\r\nAo longo da reuni\u00e3o, que ocorreu em Bras\u00edlia\/DF na quarta-feira (17), discutiram-se temas pertinentes aos Membros da AGU, entre os quais a reforma administrativa. Outros assuntos, como a defesa judicial de prerrogativa da Carreira, tamb\u00e9m foram abordados.\r\n\r\n[gallery link=\"file\" ids=\"10045\"]","_links":{"self":[{"href":"https:\/\/sinprofaz.org.br\/2024\/wp-json\/wp\/v2\/posts\/10043"}],"collection":[{"href":"https:\/\/sinprofaz.org.br\/2024\/wp-json\/wp\/v2\/posts"}],"about":[{"href":"https:\/\/sinprofaz.org.br\/2024\/wp-json\/wp\/v2\/types\/post"}],"author":[{"embeddable":true,"href":"https:\/\/sinprofaz.org.br\/2024\/wp-json\/wp\/v2\/users\/2"}],"replies":[{"embeddable":true,"href":"https:\/\/sinprofaz.org.br\/2024\/wp-json\/wp\/v2\/comments?post=10043"}],"version-history":[{"count":1,"href":"https:\/\/sinprofaz.org.br\/2024\/wp-json\/wp\/v2\/posts\/10043\/revisions"}],"predecessor-version":[{"id":10046,"href":"https:\/\/sinprofaz.org.br\/2024\/wp-json\/wp\/v2\/posts\/10043\/revisions\/10046"}],"wp:featuredmedia":[{"embeddable":true,"href":"https:\/\/sinprofaz.org.br\/2024\/wp-json\/wp\/v2\/media\/10044"}],"wp:attachment":[{"href":"https:\/\/sinprofaz.org.br\/2024\/wp-json\/wp\/v2\/media?parent=10043"}],"wp:term":[{"taxonomy":"category","embeddable":true,"href":"https:\/\/sinprofaz.org.br\/2024\/wp-json\/wp\/v2\/categories?post=10043"},{"taxonomy":"post_tag","embeddable":true,"href":"https:\/\/sinprofaz.org.br\/2024\/wp-json\/wp\/v2\/tags?post=10043"}],"curies":[{"name":"wp","href":"https:\/\/api.w.org\/{rel}","templated":true}]}}