{"id":10038,"date":"2019-07-18T08:54:22","date_gmt":"2019-07-18T11:54:22","guid":{"rendered":"http:\/\/www.sinprofaz.org.br\/?p=10038"},"modified":"2019-07-18T16:16:29","modified_gmt":"2019-07-18T19:16:29","slug":"tramitacao-da-pec-62019-e-discutida-em-reuniao-entre-fonacate-e-frentas","status":"publish","type":"post","link":"https:\/\/sinprofaz.org.br\/2024\/noticias\/tramitacao-da-pec-62019-e-discutida-em-reuniao-entre-fonacate-e-frentas\/","title":{"rendered":"TRAMITA\u00c7\u00c3O DA PEC 6\/2019 \u00c9 DISCUTIDA EM REUNI\u00c3O ENTRE FONACATE E FRENTAS"},"content":{"rendered":"<p>O SINPROFAZ, representado pelo presidente Ernane Brito, participou ontem (17) de reuni\u00e3o entre o FONACATE e a FRENTAS &#8211; Frente Associativa da Magistratura e do Minist\u00e9rio P\u00fablico. O encontro foi realizado em Bras\u00edlia\/DF, na sede da ANAMATRA &#8211; Associa\u00e7\u00e3o Nacional dos Magistrados da Justi\u00e7a do Trabalho, e reuniu diversas carreiras de Estado para discuss\u00e3o do texto e da tramita\u00e7\u00e3o da PEC 6\/2019, relativa \u00e0 reforma da Previd\u00eancia.<\/p>\n<p>Ao longo das exposi\u00e7\u00f5es dos presentes, foi reiterada a necessidade de se manter a articula\u00e7\u00e3o com o Parlamento, assim como de se reformular as estrat\u00e9gias de di\u00e1logo adotadas para o debate junto \u00e0 sociedade. Nesta nova fase, em que a PEC j\u00e1 conta com aprova\u00e7\u00e3o em primeiro turno da C\u00e2mara dos Deputados, a mobiliza\u00e7\u00e3o ter\u00e1 como prop\u00f3sitos, entre outros, a negocia\u00e7\u00e3o de regras mais justas de transi\u00e7\u00e3o e de c\u00e1lculos mais adequados para as pens\u00f5es. N\u00e3o h\u00e1 expectativa de mudan\u00e7as substantivas no texto. Ainda assim, FONACATE e FRENTAS atuar\u00e3o pela aprova\u00e7\u00e3o de destaques supressivos no segundo turno.<\/p>\n<p>Debateu-se tamb\u00e9m a urg\u00eancia de uma campanha unificada de valoriza\u00e7\u00e3o dos servidores p\u00fablicos que fa\u00e7a frente aos ataques do pr\u00f3prio Governo Federal. Os dirigentes associativos expuseram as dificuldades que v\u00eam sendo impostas \u00e0s entidades representativas dos servidores civis \u2013 obst\u00e1culos que pretendem, na pr\u00e1tica, inviabilizar e extinguir sindicatos e associa\u00e7\u00f5es. Segundo os expositores, o pa\u00eds vive uma verdadeira crise do Estado de bem-estar social, em que a pr\u00f3pria Democracia corre riscos.<\/p>\n\n\t\t<style type=\"text\/css\">\n\t\t\t#gallery-1 {\n\t\t\t\tmargin: auto;\n\t\t\t}\n\t\t\t#gallery-1 .gallery-item {\n\t\t\t\tfloat: left;\n\t\t\t\tmargin-top: 10px;\n\t\t\t\ttext-align: center;\n\t\t\t\twidth: 33%;\n\t\t\t}\n\t\t\t#gallery-1 img {\n\t\t\t\tborder: 2px solid #cfcfcf;\n\t\t\t}\n\t\t\t#gallery-1 .gallery-caption {\n\t\t\t\tmargin-left: 0;\n\t\t\t}\n\t\t\t\/* see gallery_shortcode() in wp-includes\/media.php *\/\n\t\t<\/style>\n\t\t<div id='gallery-1' class='gallery galleryid-10038 gallery-columns-3 gallery-size-thumbnail'><dl class='gallery-item'>\n\t\t\t<dt class='gallery-icon landscape'>\n\t\t\t\t<a href='https:\/\/sinprofaz.org.br\/2024\/wp-content\/uploads\/2019\/07\/02-14.jpg'><img loading=\"lazy\" decoding=\"async\" width=\"150\" height=\"150\" src=\"https:\/\/sinprofaz.org.br\/2024\/wp-content\/uploads\/2019\/07\/02-14-150x150.jpg\" class=\"attachment-thumbnail size-thumbnail\" alt=\"\" \/><\/a>\n\t\t\t<\/dt><\/dl>\n\t\t\t<br style='clear: both' \/>\n\t\t<\/div>\n\n","protected":false},"excerpt":{"rendered":"<p>O SINPROFAZ, representado por Ernane Brito, participou de reuni\u00e3o entre o FONACATE e a FRENTAS. O encontro foi realizado em Bras\u00edlia\/DF, na sede da ANAMATRA, e reuniu diversas carreiras de Estado para discuss\u00e3o do texto e da tramita\u00e7\u00e3o da PEC 6\/2019.<\/p>\n","protected":false},"author":2,"featured_media":10039,"comment_status":"open","ping_status":"open","sticky":false,"template":"","format":"standard","meta":{"footnotes":""},"categories":[8],"tags":[122,77,25],"featured_image_url":"https:\/\/sinprofaz.org.br\/2024\/wp-content\/uploads\/2019\/07\/01-14.jpg","character_count":976,"formatted_date":"18\/07\/2019 - 08:54","contentNovo":"O SINPROFAZ, representado pelo presidente Ernane Brito, participou ontem (17) de reuni\u00e3o entre o FONACATE e a FRENTAS - Frente Associativa da Magistratura e do Minist\u00e9rio P\u00fablico. O encontro foi realizado em Bras\u00edlia\/DF, na sede da ANAMATRA - Associa\u00e7\u00e3o Nacional dos Magistrados da Justi\u00e7a do Trabalho, e reuniu diversas carreiras de Estado para discuss\u00e3o do texto e da tramita\u00e7\u00e3o da PEC 6\/2019, relativa \u00e0 reforma da Previd\u00eancia.\r\n\r\nAo longo das exposi\u00e7\u00f5es dos presentes, foi reiterada a necessidade de se manter a articula\u00e7\u00e3o com o Parlamento, assim como de se reformular as estrat\u00e9gias de di\u00e1logo adotadas para o debate junto \u00e0 sociedade. Nesta nova fase, em que a PEC j\u00e1 conta com aprova\u00e7\u00e3o em primeiro turno da C\u00e2mara dos Deputados, a mobiliza\u00e7\u00e3o ter\u00e1 como prop\u00f3sitos, entre outros, a negocia\u00e7\u00e3o de regras mais justas de transi\u00e7\u00e3o e de c\u00e1lculos mais adequados para as pens\u00f5es. N\u00e3o h\u00e1 expectativa de mudan\u00e7as substantivas no texto. Ainda assim, FONACATE e FRENTAS atuar\u00e3o pela aprova\u00e7\u00e3o de destaques supressivos no segundo turno.\r\n\r\nDebateu-se tamb\u00e9m a urg\u00eancia de uma campanha unificada de valoriza\u00e7\u00e3o dos servidores p\u00fablicos que fa\u00e7a frente aos ataques do pr\u00f3prio Governo Federal. Os dirigentes associativos expuseram as dificuldades que v\u00eam sendo impostas \u00e0s entidades representativas dos servidores civis \u2013 obst\u00e1culos que pretendem, na pr\u00e1tica, inviabilizar e extinguir sindicatos e associa\u00e7\u00f5es. Segundo os expositores, o pa\u00eds vive uma verdadeira crise do Estado de bem-estar social, em que a pr\u00f3pria Democracia corre riscos.\r\n\r\n[gallery link=\"file\" ids=\"10040\"]","_links":{"self":[{"href":"https:\/\/sinprofaz.org.br\/2024\/wp-json\/wp\/v2\/posts\/10038"}],"collection":[{"href":"https:\/\/sinprofaz.org.br\/2024\/wp-json\/wp\/v2\/posts"}],"about":[{"href":"https:\/\/sinprofaz.org.br\/2024\/wp-json\/wp\/v2\/types\/post"}],"author":[{"embeddable":true,"href":"https:\/\/sinprofaz.org.br\/2024\/wp-json\/wp\/v2\/users\/2"}],"replies":[{"embeddable":true,"href":"https:\/\/sinprofaz.org.br\/2024\/wp-json\/wp\/v2\/comments?post=10038"}],"version-history":[{"count":2,"href":"https:\/\/sinprofaz.org.br\/2024\/wp-json\/wp\/v2\/posts\/10038\/revisions"}],"predecessor-version":[{"id":10047,"href":"https:\/\/sinprofaz.org.br\/2024\/wp-json\/wp\/v2\/posts\/10038\/revisions\/10047"}],"wp:featuredmedia":[{"embeddable":true,"href":"https:\/\/sinprofaz.org.br\/2024\/wp-json\/wp\/v2\/media\/10039"}],"wp:attachment":[{"href":"https:\/\/sinprofaz.org.br\/2024\/wp-json\/wp\/v2\/media?parent=10038"}],"wp:term":[{"taxonomy":"category","embeddable":true,"href":"https:\/\/sinprofaz.org.br\/2024\/wp-json\/wp\/v2\/categories?post=10038"},{"taxonomy":"post_tag","embeddable":true,"href":"https:\/\/sinprofaz.org.br\/2024\/wp-json\/wp\/v2\/tags?post=10038"}],"curies":[{"name":"wp","href":"https:\/\/api.w.org\/{rel}","templated":true}]}}