{"id":1003,"date":"2012-09-06T11:25:00","date_gmt":"2012-09-06T11:25:00","guid":{"rendered":""},"modified":"-0001-11-30T00:00:00","modified_gmt":"-0001-11-30T03:00:00","slug":"trabalho-parlamentar-sobre-lei-organica-da-agu","status":"publish","type":"post","link":"https:\/\/sinprofaz.org.br\/2024\/noticias\/trabalho-parlamentar-sobre-lei-organica-da-agu\/","title":{"rendered":"Trabalho parlamentar sobre Lei Org\u00e2nica da AGU"},"content":{"rendered":"<p><img loading=\"lazy\" decoding=\"async\" style=\"margin-right: 10px; border: 1px solid #000000; float: left;\" alt=\"Trabalho parlamentar sobre Lei Org\u00e2nica da AGU\" src=\"images\/noticias\/trabalho-parlamentar-forvm-unafe-05-09-2012\/trabalho-parlamentar-forvm-unafe-05-09-2012-foto-06.jpg\" height=\"213\" width=\"180\" \/>A Comiss\u00e3o de Trabalho, Administra\u00e7\u00e3o e de Servi\u00e7o P\u00fablico (CTASP) vai analisar o m\u00e9rito da mat\u00e9ria. A ideia \u00e9 promover um amplo debate sobre o tema, inclusive com a realiza\u00e7\u00e3o de audi\u00eancias p\u00fablicas.<\/p>\n<p>No primeiro dia de trabalho, que ter\u00e1 continuidade nas pr\u00f3ximas semanas, os representantes das tr\u00eas entidades, acompanhados de suas respectivas assessorias parlamentares, conversaram com membros da CTASP, como o deputado Sebasti\u00e3o Bala Rocha (PDT\/AP), presidente da comiss\u00e3o, a deputada Andr\u00e9ia Zito (PSDB\/RJ) e o deputado Andr\u00e9 Figueiredo (PDT\/CE), e pediram o engajamento deles para a promo\u00e7\u00e3o de intensas discuss\u00f5es sobre o Projeto de Lei Complementar (PLP) 205\/2012, que altera a Lei Complementar que rege a Advocacia-Geral da Uni\u00e3o (LC 73\/93).<\/p>\n<p>Durante o trabalho parlamentar, o presidente do SINPROFAZ distribuiu o folder comparativo entre o anteprojeto da gest\u00e3o Toffoli e o texto proposto pelo atual AGU, mostrando os retrocessos deste \u00faltimo, al\u00e9m de solicitar apoio para as mudan\u00e7as a serem sugeridas pelas entidades.<\/p>\n<p>O SINPROFAZ, por exemplo, constituiu um Grupo de Trabalho para estudar o texto e propor altera\u00e7\u00f5es, com o intuito de fornecer subs\u00eddio aos parlamentares que ir\u00e3o discutir e deliberar sobre o tema.<\/p>\n<p>Entre as imperfei\u00e7\u00f5es do PLP 205\/2012, destaca-se a n\u00e3o inclus\u00e3o de garantias e prerrogativas correspondentes a uma das Fun\u00e7\u00f5es Essenciais \u00e0 Justi\u00e7a. A proposi\u00e7\u00e3o tamb\u00e9m deveria estabelecer textualmente a previs\u00e3o dos honor\u00e1rios de sucumb\u00eancia para as carreiras da AGU e a exclusividade dos cargos para os membros das carreiras da institui\u00e7\u00e3o de modo a garantir a independ\u00eancia t\u00e9cnica dos Advogados P\u00fablicos Federais.<\/p>\n<p>Todas essas quest\u00f5es foram expostas aos deputados com demonstra\u00e7\u00f5es das consequ\u00eancias nefastas \u00e0 sociedade caso prevale\u00e7a o modelo de advocacia de governo em detrimento da plena advocacia de estado.<\/p>\n<div style=\"text-align: center;\">\n<p><img loading=\"lazy\" decoding=\"async\" style=\"margin-right: 5px; border: 1px solid #000000;\" alt=\"Trabalho parlamentar sobre Lei Org\u00e2nica da AGU\" src=\"images\/noticias\/trabalho-parlamentar-forvm-unafe-05-09-2012\/trabalho-parlamentar-forvm-unafe-05-09-2012-foto-01.jpg\" height=\"134\" width=\"100\" \/><img loading=\"lazy\" decoding=\"async\" style=\"margin-right: 5px; border: 1px solid #000000;\" alt=\"Trabalho parlamentar sobre Lei Org\u00e2nica da AGU\" src=\"images\/noticias\/trabalho-parlamentar-forvm-unafe-05-09-2012\/trabalho-parlamentar-forvm-unafe-05-09-2012-foto-02.jpg\" height=\"134\" width=\"100\" \/><img loading=\"lazy\" decoding=\"async\" style=\"border: 1px solid #000000;\" alt=\"Trabalho parlamentar sobre Lei Org\u00e2nica da AGU\" src=\"images\/noticias\/trabalho-parlamentar-forvm-unafe-05-09-2012\/trabalho-parlamentar-forvm-unafe-05-09-2012-foto-03.jpg\" height=\"134\" width=\"100\" \/><\/p>\n<p><img loading=\"lazy\" decoding=\"async\" style=\"margin-right: 5px; border: 1px solid #000000;\" alt=\"Trabalho parlamentar sobre Lei Org\u00e2nica da AGU\" src=\"images\/noticias\/trabalho-parlamentar-forvm-unafe-05-09-2012\/trabalho-parlamentar-forvm-unafe-05-09-2012-foto-05.jpg\" height=\"134\" width=\"100\" \/><img loading=\"lazy\" decoding=\"async\" style=\"border: 1px solid #000000;\" alt=\"Trabalho parlamentar sobre Lei Org\u00e2nica da AGU\" src=\"images\/noticias\/trabalho-parlamentar-forvm-unafe-05-09-2012\/trabalho-parlamentar-forvm-unafe-05-09-2012-foto-07.jpg\" height=\"134\" width=\"100\" \/><\/p>\n<\/div>\n","protected":false},"excerpt":{"rendered":"<p>SINPROFAZ, Forvm e Unafe iniciaram nesta quarta-feira, 5\/9, trabalho parlamentar para esclarecer os membros da CTASP sobre os principais problemas da Lei Org\u00e2nica da AGU.<\/p>\n","protected":false},"author":1,"featured_media":0,"comment_status":"closed","ping_status":"open","sticky":false,"template":"","format":"standard","meta":{"footnotes":""},"categories":[8],"tags":[],"featured_image_url":"https:\/\/dummyimage.com\/720x400","character_count":952,"formatted_date":"06\/09\/2012 - 11:25","contentNovo":"\r\n<p>A Comiss\u00e3o de Trabalho, Administra\u00e7\u00e3o e de Servi\u00e7o P\u00fablico (CTASP) vai analisar o m\u00e9rito da mat\u00e9ria. A ideia \u00e9 promover um amplo debate sobre o tema, inclusive com a realiza\u00e7\u00e3o de audi\u00eancias p\u00fablicas.<\/p>\r\n<p>No primeiro dia de trabalho, que ter\u00e1 continuidade nas pr\u00f3ximas semanas, os representantes das tr\u00eas entidades, acompanhados de suas respectivas assessorias parlamentares, conversaram com membros da CTASP, como o deputado Sebasti\u00e3o Bala Rocha (PDT\/AP), presidente da comiss\u00e3o, a deputada Andr\u00e9ia Zito (PSDB\/RJ) e o deputado Andr\u00e9 Figueiredo (PDT\/CE), e pediram o engajamento deles para a promo\u00e7\u00e3o de intensas discuss\u00f5es sobre o Projeto de Lei Complementar (PLP) 205\/2012, que altera a Lei Complementar que rege a Advocacia-Geral da Uni\u00e3o (LC 73\/93).<\/p>\r\n<p>Durante o trabalho parlamentar, o presidente do SINPROFAZ distribuiu o folder comparativo entre o anteprojeto da gest\u00e3o Toffoli e o texto proposto pelo atual AGU, mostrando os retrocessos deste \u00faltimo, al\u00e9m de solicitar apoio para as mudan\u00e7as a serem sugeridas pelas entidades.<\/p>\r\n<p>O SINPROFAZ, por exemplo, constituiu um Grupo de Trabalho para estudar o texto e propor altera\u00e7\u00f5es, com o intuito de fornecer subs\u00eddio aos parlamentares que ir\u00e3o discutir e deliberar sobre o tema.<\/p>\r\n<p>Entre as imperfei\u00e7\u00f5es do PLP 205\/2012, destaca-se a n\u00e3o inclus\u00e3o de garantias e prerrogativas correspondentes a uma das Fun\u00e7\u00f5es Essenciais \u00e0 Justi\u00e7a. A proposi\u00e7\u00e3o tamb\u00e9m deveria estabelecer textualmente a previs\u00e3o dos honor\u00e1rios de sucumb\u00eancia para as carreiras da AGU e a exclusividade dos cargos para os membros das carreiras da institui\u00e7\u00e3o de modo a garantir a independ\u00eancia t\u00e9cnica dos Advogados P\u00fablicos Federais.<\/p>\r\n<p>Todas essas quest\u00f5es foram expostas aos deputados com demonstra\u00e7\u00f5es das consequ\u00eancias nefastas \u00e0 sociedade caso prevale\u00e7a o modelo de advocacia de governo em detrimento da plena advocacia de estado.<\/p>\r\n\r\n<p><\/p>\r\n<p><\/p>\r\n","_links":{"self":[{"href":"https:\/\/sinprofaz.org.br\/2024\/wp-json\/wp\/v2\/posts\/1003"}],"collection":[{"href":"https:\/\/sinprofaz.org.br\/2024\/wp-json\/wp\/v2\/posts"}],"about":[{"href":"https:\/\/sinprofaz.org.br\/2024\/wp-json\/wp\/v2\/types\/post"}],"author":[{"embeddable":true,"href":"https:\/\/sinprofaz.org.br\/2024\/wp-json\/wp\/v2\/users\/1"}],"replies":[{"embeddable":true,"href":"https:\/\/sinprofaz.org.br\/2024\/wp-json\/wp\/v2\/comments?post=1003"}],"version-history":[{"count":0,"href":"https:\/\/sinprofaz.org.br\/2024\/wp-json\/wp\/v2\/posts\/1003\/revisions"}],"wp:attachment":[{"href":"https:\/\/sinprofaz.org.br\/2024\/wp-json\/wp\/v2\/media?parent=1003"}],"wp:term":[{"taxonomy":"category","embeddable":true,"href":"https:\/\/sinprofaz.org.br\/2024\/wp-json\/wp\/v2\/categories?post=1003"},{"taxonomy":"post_tag","embeddable":true,"href":"https:\/\/sinprofaz.org.br\/2024\/wp-json\/wp\/v2\/tags?post=1003"}],"curies":[{"name":"wp","href":"https:\/\/api.w.org\/{rel}","templated":true}]}}